{"id":378,"date":"2019-12-13T10:33:00","date_gmt":"2019-12-13T09:33:00","guid":{"rendered":"https:\/\/progrespagnol.com\/?p=378"},"modified":"2020-07-16T09:46:19","modified_gmt":"2020-07-16T07:46:19","slug":"usos-de-en-y-a-en-espanol","status":"publish","type":"post","link":"https:\/\/progrespagnol.com\/fr\/blog\/usos-de-en-y-a-en-espanol\/","title":{"rendered":"Usos de En y A en espa\u00f1ol"},"content":{"rendered":"\t\t<div data-elementor-type=\"wp-post\" data-elementor-id=\"378\" class=\"elementor elementor-378\" data-elementor-post-type=\"post\">\n\t\t\t\t\t\t<section class=\"elementor-section elementor-top-section elementor-element elementor-element-67940f7 elementor-section-boxed elementor-section-height-default elementor-section-height-default\" data-id=\"67940f7\" data-element_type=\"section\" data-e-type=\"section\">\n\t\t\t\t\t\t<div class=\"elementor-container elementor-column-gap-default\">\n\t\t\t\t\t<div class=\"elementor-column elementor-col-100 elementor-top-column elementor-element elementor-element-22f63d3\" data-id=\"22f63d3\" data-element_type=\"column\" data-e-type=\"column\">\n\t\t\t<div class=\"elementor-widget-wrap elementor-element-populated\">\n\t\t\t\t\t\t<div class=\"elementor-element elementor-element-8973bb9 elementor-widget elementor-widget-heading\" data-id=\"8973bb9\" data-element_type=\"widget\" data-e-type=\"widget\" data-widget_type=\"heading.default\">\n\t\t\t\t<div class=\"elementor-widget-container\">\n\t\t\t\t\t<h2 class=\"elementor-heading-title elementor-size-default\">La preposiciones...<\/h2>\t\t\t\t<\/div>\n\t\t\t\t<\/div>\n\t\t\t\t\t<\/div>\n\t\t<\/div>\n\t\t\t\t\t<\/div>\n\t\t<\/section>\n\t\t\t\t<section class=\"elementor-section elementor-top-section elementor-element elementor-element-48d2adc elementor-section-boxed elementor-section-height-default elementor-section-height-default\" data-id=\"48d2adc\" data-element_type=\"section\" data-e-type=\"section\">\n\t\t\t\t\t\t<div class=\"elementor-container elementor-column-gap-default\">\n\t\t\t\t\t<div class=\"elementor-column elementor-col-100 elementor-top-column elementor-element elementor-element-223a11c\" data-id=\"223a11c\" data-element_type=\"column\" data-e-type=\"column\">\n\t\t\t<div class=\"elementor-widget-wrap elementor-element-populated\">\n\t\t\t\t\t\t<div class=\"elementor-element elementor-element-8bd7cdc elementor-widget elementor-widget-text-editor\" data-id=\"8bd7cdc\" data-element_type=\"widget\" data-e-type=\"widget\" data-widget_type=\"text-editor.default\">\n\t\t\t\t<div class=\"elementor-widget-container\">\n\t\t\t\t\t\t\t\t\t<p>Las preposiciones&#8230;las preposiciones. Este es tambi\u00e9n un tema que genera muchas dudas para los franceses que aprenden espa\u00f1ol. <strong>\u00bfCu\u00e1les son los usos de EN\u00a0 y A en espa\u00f1ol? \u00bfSon iguales que en franc\u00e9s? \u00bfO hay diferencias?<\/strong><\/p><p><strong>Aunque es cierto que existen muchas similitudes, tambi\u00e9n hay diferencias clave que debes conocer<\/strong> sobre estas preposiciones y sus equivalentes en franc\u00e9s. Te lo cuento todo en el video. \u00a1Toma nota!<\/p><p>Te podr\u00eda interesar: <a href=\"https:\/\/progrespagnol.com\/diferencia-entre-pero-y-sino\/\" target=\"_blank\" rel=\"noopener\">Cu\u00e1l es la diferencia entre PERO y SINO<\/a><\/p>\t\t\t\t\t\t\t\t<\/div>\n\t\t\t\t<\/div>\n\t\t\t\t\t<\/div>\n\t\t<\/div>\n\t\t\t\t\t<\/div>\n\t\t<\/section>\n\t\t\t\t<section class=\"elementor-section elementor-top-section elementor-element elementor-element-c04126d elementor-section-boxed elementor-section-height-default elementor-section-height-default\" data-id=\"c04126d\" data-element_type=\"section\" data-e-type=\"section\">\n\t\t\t\t\t\t<div class=\"elementor-container elementor-column-gap-default\">\n\t\t\t\t\t<div class=\"elementor-column elementor-col-100 elementor-top-column elementor-element elementor-element-47103a1\" data-id=\"47103a1\" data-element_type=\"column\" data-e-type=\"column\">\n\t\t\t<div class=\"elementor-widget-wrap elementor-element-populated\">\n\t\t\t\t\t\t<div class=\"elementor-element elementor-element-80009e0 elementor-widget elementor-widget-video\" data-id=\"80009e0\" data-element_type=\"widget\" data-e-type=\"widget\" data-settings=\"{&quot;youtube_url&quot;:&quot;https:\\\/\\\/www.youtube.com\\\/watch?v=uhLGANGeGfA&quot;,&quot;video_type&quot;:&quot;youtube&quot;,&quot;controls&quot;:&quot;yes&quot;}\" data-widget_type=\"video.default\">\n\t\t\t\t<div class=\"elementor-widget-container\">\n\t\t\t\t\t\t\t<div class=\"elementor-wrapper elementor-open-inline\">\n\t\t\t<div class=\"elementor-video\"><\/div>\t\t<\/div>\n\t\t\t\t\t\t<\/div>\n\t\t\t\t<\/div>\n\t\t\t\t\t<\/div>\n\t\t<\/div>\n\t\t\t\t\t<\/div>\n\t\t<\/section>\n\t\t\t\t<section class=\"elementor-section elementor-top-section elementor-element elementor-element-c6ce8e0 elementor-section-boxed elementor-section-height-default elementor-section-height-default\" data-id=\"c6ce8e0\" data-element_type=\"section\" data-e-type=\"section\">\n\t\t\t\t\t\t<div class=\"elementor-container elementor-column-gap-default\">\n\t\t\t\t\t<div class=\"elementor-column elementor-col-100 elementor-top-column elementor-element elementor-element-1d7a7cb\" data-id=\"1d7a7cb\" data-element_type=\"column\" data-e-type=\"column\">\n\t\t\t<div class=\"elementor-widget-wrap elementor-element-populated\">\n\t\t\t\t\t\t<div class=\"elementor-element elementor-element-b4d20cd elementor-widget elementor-widget-heading\" data-id=\"b4d20cd\" data-element_type=\"widget\" data-e-type=\"widget\" data-widget_type=\"heading.default\">\n\t\t\t\t<div class=\"elementor-widget-container\">\n\t\t\t\t\t<h2 class=\"elementor-heading-title elementor-size-default\">Explicaci\u00f3n<\/h2>\t\t\t\t<\/div>\n\t\t\t\t<\/div>\n\t\t\t\t\t<\/div>\n\t\t<\/div>\n\t\t\t\t\t<\/div>\n\t\t<\/section>\n\t\t\t\t<section class=\"elementor-section elementor-top-section elementor-element elementor-element-1181dd7 elementor-section-boxed elementor-section-height-default elementor-section-height-default\" data-id=\"1181dd7\" data-element_type=\"section\" data-e-type=\"section\">\n\t\t\t\t\t\t<div class=\"elementor-container elementor-column-gap-default\">\n\t\t\t\t\t<div class=\"elementor-column elementor-col-100 elementor-top-column elementor-element elementor-element-bfc1123\" data-id=\"bfc1123\" data-element_type=\"column\" data-e-type=\"column\">\n\t\t\t<div class=\"elementor-widget-wrap elementor-element-populated\">\n\t\t\t\t\t\t<div class=\"elementor-element elementor-element-9a44c06 elementor-widget elementor-widget-text-editor\" data-id=\"9a44c06\" data-element_type=\"widget\" data-e-type=\"widget\" data-widget_type=\"text-editor.default\">\n\t\t\t\t<div class=\"elementor-widget-container\">\n\t\t\t\t\t\t\t\t\t<p>Para <strong>hablar espa\u00f1ol de manera eficaz no tienes que aprender TODO,<\/strong> sino que debes aprender las diferencias con el franc\u00e9s y saber que lo dem\u00e1s es similar. As\u00ed utilizas la mitad de tu energ\u00eda y mejoras m\u00e1s r\u00e1pidamente.\u00a0<\/p><h3>Entonces, en resumen, los usos de <strong><em>en<\/em><\/strong> en espa\u00f1ol que no coinciden con <strong><em>en<\/em><\/strong> en franc\u00e9s son:<\/h3><ul><li><a href=\"https:\/\/www.youtube.com\/watch?v=NCYqBKQfLiw&amp;t=\" target=\"_blank\" rel=\"noopener\">Para indicar un lugar:<\/a> &#8211; \u00bfD\u00f3nde est\u00e1 Leticia? Est\u00e1 <strong>en<\/strong> el trabajo.<\/li><\/ul><p>\u00a0 \u00a0 \u00a0 \u00a0 \u00a0 \u00a0 \u00a0 \u00a0 \u00a0 \u00a0 \u00a0 \u00a0 \u00a0 \u00a0 \u00a0 \u00a0 \u00a0 \u00a0 \u00a0 \u00a0 \u00a0 \u00a0 \u00a0 \u00a0 \u00a0 \u00a0&#8211; Est\u00e1 <strong>en<\/strong> Per\u00fa\/<strong>en<\/strong> la cama\/<strong>en<\/strong> la escuela\u00a0\u00a0\u00a0<\/p><p>\u00a0 \u00a0 \u00a0 \u00a0 \u00a0 \u00a0 \u00a0 \u00a0 \u00a0 \u00a0 \u00a0 \u00a0 \u00a0 \u00a0 \u00a0 \u00a0 \u00a0 \u00a0 \u00a0 \u00a0 \u00a0 \u00a0 \u00a0 \u00a0 \u00a0 \u00a0&#8211; \u00bfD\u00f3nde pusiste el libro? Lo puse <strong>en<\/strong> la mesa.\u00a0 \u00a0 \u00a0 \u00a0 \u00a0 \u00a0 \u00a0 \u00a0 \u00a0 \u00a0 \u00a0 \u00a0 \u00a0 \u00a0 \u00a0 \u00a0 \u00a0 \u00a0 \u00a0 \u00a0 \u00a0 \u00a0 \u00a0 \u00a0 \u00a0 \u00a0 \u00a0\u00a0<\/p><p><strong>ATENCI\u00d3N:<\/strong> Solo se utilizan las preposiciones de lugar <em>encima de, sobre y dentro de<\/em> para precisar el lugar despu\u00e9s de haberlo mencionado una primera vez (para insistir).<\/p><p>\u00a0 \u00a0 \u00a0 \u00a0 \u00a0 \u00a0 \u00a0 \u00a0 \u00a0 \u00a0 \u00a0 \u00a0 \u00a0 \u00a0 \u00a0 \u00a0 \u00a0 \u00a0 \u00a0 \u00a0 \u00a0 \u00a0 \u00a0 \u00a0 \u00a0 \u00a0&#8211; El bolso est\u00e1 <strong>encima del <\/strong>sill\u00f3n.<\/p><p>\u00a0 \u00a0 \u00a0 \u00a0 \u00a0 \u00a0 \u00a0 \u00a0 \u00a0 \u00a0 \u00a0 \u00a0 \u00a0 \u00a0 \u00a0 \u00a0 \u00a0 \u00a0 \u00a0 \u00a0 \u00a0 \u00a0 \u00a0 \u00a0 \u00a0 \u00a0&#8211; El bol\u00edgrafo est\u00e1 <strong>dentro del <\/strong>caj\u00f3n de la oficina.<\/p><p><strong>ERROR COM\u00daN <\/strong><\/p><ul><li>Para referirse a los medios de transporte utilizamos <strong>en<\/strong>:<\/li><\/ul><p>\u00a0 \u00a0 \u00a0 \u00a0 \u00a0 \u00a0 \u00a0 \u00a0 \u00a0 \u00a0 \u00a0 \u00a0 \u00a0 \u00a0 \u00a0 \u00a0 \u00a0 \u00a0 \u00a0 \u00a0 \u00a0 \u00a0 \u00a0 \u00a0 \u00a0 \u00a0 &#8211; Me gusta m\u00e1s viajar <strong>en<\/strong> tren que <strong>en<\/strong> avi\u00f3n.<\/p><p>Mira tambi\u00e9n: <a href=\"https:\/\/progrespagnol.com\/por-y-para-en-espanol-tips-para-hacer-la-diferencia\/\" target=\"_blank\" rel=\"noopener\">Por y Para en Espa\u00f1ol \u2013 Tips para hacer la diferencia<\/a><\/p><h3>Usos de <strong><em>a<\/em><\/strong> en espa\u00f1ol que no coinciden con <strong><em>a<\/em><\/strong> en franc\u00e9s:<\/h3><ul><li>Con verbos de movimiento:<\/li><\/ul><p>\u00a0 \u00a0 \u00a0 \u00a0 \u00a0 \u00a0 \u00a0 \u00a0 \u00a0 \u00a0 \u00a0 \u00a0 \u00a0 \u00a0 \u00a0 \u00a0 \u00a0 \u00a0 \u00a0 \u00a0 \u00a0 \u00a0 \u00a0 \u00a0 \u00a0 \u00a0 &#8211; Vamos <strong>a<\/strong> Espa\u00f1a cada verano.<\/p><p>\u00a0 \u00a0 \u00a0 \u00a0 \u00a0 \u00a0 \u00a0 \u00a0 \u00a0 \u00a0 \u00a0 \u00a0 \u00a0 \u00a0 \u00a0 \u00a0 \u00a0 \u00a0 \u00a0 \u00a0 \u00a0 \u00a0 \u00a0 \u00a0 \u00a0 \u00a0 &#8211; Viajaremos <strong>a<\/strong> M\u00e9xico por Navidad.<\/p><ul><li>Con el futuro pr\u00f3ximo: <strong><em>ir + a + infinitivo<\/em><\/strong>:\u00a0<\/li><\/ul><p>\u00a0 \u00a0 \u00a0 \u00a0 \u00a0 \u00a0 \u00a0 \u00a0 \u00a0 \u00a0 \u00a0 \u00a0 \u00a0 \u00a0 \u00a0 \u00a0 \u00a0 \u00a0 \u00a0 \u00a0 \u00a0 \u00a0 \u00a0 \u00a0 \u00a0 \u00a0 &#8211; Este fin de semana ir\u00e9 <strong>a<\/strong> visitar a mis padres.<\/p><p>\u00a0 \u00a0 \u00a0 \u00a0 \u00a0 \u00a0 \u00a0 \u00a0 \u00a0 \u00a0 \u00a0 \u00a0 \u00a0 \u00a0 \u00a0 \u00a0 \u00a0 \u00a0 \u00a0 \u00a0 \u00a0 \u00a0 \u00a0 \u00a0 \u00a0 \u00a0 &#8211; \u00bfVais <strong>a<\/strong> comprar los muebles para la casa?\u00a0\u00a0\u00a0\u00a0\u00a0\u00a0\u00a0\u00a0\u00a0\u00a0\u00a0\u00a0\u00a0<\/p><ul><li>Antes de una persona (complemento directo de persona).<\/li><\/ul><p>\u00a0 \u00a0 \u00a0 \u00a0 \u00a0 \u00a0 \u00a0 \u00a0 \u00a0 \u00a0 \u00a0 \u00a0 \u00a0 \u00a0 \u00a0 \u00a0 \u00a0 \u00a0 \u00a0 \u00a0 \u00a0 \u00a0 \u00a0 \u00a0 \u00a0 \u00a0 &#8211; He llamado <strong>a<\/strong> mi hermano para ir a comer a su casa.<\/p><p>\u00a0 \u00a0 \u00a0 \u00a0 \u00a0 \u00a0 \u00a0 \u00a0 \u00a0 \u00a0 \u00a0 \u00a0 \u00a0 \u00a0 \u00a0 \u00a0 \u00a0 \u00a0 \u00a0 \u00a0 \u00a0 \u00a0 \u00a0 \u00a0 \u00a0 \u00a0 &#8211; \u00a1No hab\u00eda visto <strong>a<\/strong> mis antiguos compa\u00f1eros de la universidad por 10 a\u00f1os!<\/p><p><strong>ATENCI\u00d3N:<\/strong> Los verbos pensar y servir cambian sus preposiciones en espa\u00f1ol.<\/p><p>\u00a0 \u00a0 \u00a0 \u00a0 \u00a0 \u00a0 \u00a0 \u00a0 \u00a0 \u00a0 \u00a0 \u00a0 \u00a0 \u00a0 \u00a0 \u00a0 \u00a0 \u00a0 \u00a0 \u00a0 \u00a0 \u00a0 \u00a0 \u00a0 \u00a0 \u00a0 \u00a0&#8211; Luis no <strong>piensa en<\/strong> nada desde que conoci\u00f3 a Mar\u00eda.<\/p><p>\u00a0 \u00a0 \u00a0 \u00a0 \u00a0 \u00a0 \u00a0 \u00a0 \u00a0 \u00a0 \u00a0 \u00a0 \u00a0 \u00a0 \u00a0 \u00a0 \u00a0 \u00a0 \u00a0 \u00a0 \u00a0 \u00a0 \u00a0 \u00a0 \u00a0 \u00a0 \u00a0&#8211; Mi m\u00f3vil no <strong>sirve para<\/strong> nada, lo tengo que cambiar.<\/p><p>Si te das cuenta, los usos de en y a en espa\u00f1ol no son tan complicados, solo debes recordar estas peque\u00f1as diferencias y entrenarte constantemente para hacerlas un reflejo. Por eso no te pierdas los ejercicios justo abajo.<\/p><p>\u00bfTienes otros temas que te generen confusiones? \u00a1D\u00edmelos en los comentarios!<\/p>\t\t\t\t\t\t\t\t<\/div>\n\t\t\t\t<\/div>\n\t\t\t\t\t<\/div>\n\t\t<\/div>\n\t\t\t\t\t<\/div>\n\t\t<\/section>\n\t\t\t\t<section class=\"elementor-section elementor-top-section elementor-element elementor-element-71cb7ed elementor-section-boxed elementor-section-height-default elementor-section-height-default\" data-id=\"71cb7ed\" data-element_type=\"section\" data-e-type=\"section\">\n\t\t\t\t\t\t<div class=\"elementor-container elementor-column-gap-default\">\n\t\t\t\t\t<div class=\"elementor-column elementor-col-100 elementor-top-column elementor-element elementor-element-111edcb\" data-id=\"111edcb\" data-element_type=\"column\" data-e-type=\"column\">\n\t\t\t<div class=\"elementor-widget-wrap elementor-element-populated\">\n\t\t\t\t\t\t<div class=\"elementor-element elementor-element-5c47b07 elementor-widget elementor-widget-heading\" data-id=\"5c47b07\" data-element_type=\"widget\" data-e-type=\"widget\" data-widget_type=\"heading.default\">\n\t\t\t\t<div class=\"elementor-widget-container\">\n\t\t\t\t\t<h2 class=\"elementor-heading-title elementor-size-default\">Ejercicios<\/h2>\t\t\t\t<\/div>\n\t\t\t\t<\/div>\n\t\t\t\t\t<\/div>\n\t\t<\/div>\n\t\t\t\t\t<\/div>\n\t\t<\/section>\n\t\t\t\t<section class=\"elementor-section elementor-top-section elementor-element elementor-element-02a6429 elementor-section-boxed elementor-section-height-default elementor-section-height-default\" data-id=\"02a6429\" data-element_type=\"section\" data-e-type=\"section\">\n\t\t\t\t\t\t<div class=\"elementor-container elementor-column-gap-default\">\n\t\t\t\t\t<div class=\"elementor-column elementor-col-100 elementor-top-column elementor-element elementor-element-27085af\" data-id=\"27085af\" data-element_type=\"column\" data-e-type=\"column\">\n\t\t\t<div class=\"elementor-widget-wrap elementor-element-populated\">\n\t\t\t\t\t\t<div class=\"elementor-element elementor-element-4a09e2d elementor-widget elementor-widget-text-editor\" data-id=\"4a09e2d\" data-element_type=\"widget\" data-e-type=\"widget\" data-widget_type=\"text-editor.default\">\n\t\t\t\t<div class=\"elementor-widget-container\">\n\t\t\t\t\t\t\t\t\t<p><strong>Ejercicio: Escribe en, a o un gui\u00f3n (-) en el espacio en blanco (responde en los comentarios).<\/strong><\/p><ol><li>Voy ___ llamar ___ mi madre para decirle que no vamos a la cena.<\/li><li>\u00bfEst\u00e1s llaves sirven ___ algo o son viejas?<\/li><li>Este fin de semana, mis amigos parisinos van ___ Tarragona ___ tren.<\/li><li>No puedo dejar de pensar ___ los resultados del examen.<\/li><li>\u00bfHas puesto la chaqueta ___ el perchero como te dije?<\/li><li>Mi marido est\u00e1 ___ el trabajo de 9 am a 5 pm.<\/li><li>Federico y Nina viajaron ___ Argentina en diciembre.<\/li><li>\u00a1Vi ___ Johnny Depp ___ el aeropuerto!<\/li><li>\u00bfHab\u00e9is puesto vuestras cosas ___ la cama?<\/li><li>Vimos ___ mis primos el fin de semana pasado.<\/li><\/ol>\t\t\t\t\t\t\t\t<\/div>\n\t\t\t\t<\/div>\n\t\t\t\t\t<\/div>\n\t\t<\/div>\n\t\t\t\t\t<\/div>\n\t\t<\/section>\n\t\t\t\t<section class=\"elementor-section elementor-top-section elementor-element elementor-element-40d3725 elementor-section-boxed elementor-section-height-default elementor-section-height-default\" data-id=\"40d3725\" data-element_type=\"section\" data-e-type=\"section\">\n\t\t\t\t\t\t<div class=\"elementor-container elementor-column-gap-default\">\n\t\t\t\t\t<div class=\"elementor-column elementor-col-100 elementor-top-column elementor-element elementor-element-a547115\" data-id=\"a547115\" data-element_type=\"column\" data-e-type=\"column\">\n\t\t\t<div class=\"elementor-widget-wrap elementor-element-populated\">\n\t\t\t\t\t\t<div class=\"elementor-element elementor-element-da95327 elementor-widget elementor-widget-heading\" data-id=\"da95327\" data-element_type=\"widget\" data-e-type=\"widget\" data-widget_type=\"heading.default\">\n\t\t\t\t<div class=\"elementor-widget-container\">\n\t\t\t\t\t<h2 class=\"elementor-heading-title elementor-size-default\">Transcripci\u00f3n<\/h2>\t\t\t\t<\/div>\n\t\t\t\t<\/div>\n\t\t\t\t\t<\/div>\n\t\t<\/div>\n\t\t\t\t\t<\/div>\n\t\t<\/section>\n\t\t\t\t<section class=\"elementor-section elementor-top-section elementor-element elementor-element-6a81e22 elementor-section-boxed elementor-section-height-default elementor-section-height-default\" data-id=\"6a81e22\" data-element_type=\"section\" data-e-type=\"section\">\n\t\t\t\t\t\t<div class=\"elementor-container elementor-column-gap-default\">\n\t\t\t\t\t<div class=\"elementor-column elementor-col-100 elementor-top-column elementor-element elementor-element-9e5a385\" data-id=\"9e5a385\" data-element_type=\"column\" data-e-type=\"column\">\n\t\t\t<div class=\"elementor-widget-wrap elementor-element-populated\">\n\t\t\t\t\t\t<div class=\"elementor-element elementor-element-86d966e elementor-widget elementor-widget-text-editor\" data-id=\"86d966e\" data-element_type=\"widget\" data-e-type=\"widget\" data-widget_type=\"text-editor.default\">\n\t\t\t\t<div class=\"elementor-widget-container\">\n\t\t\t\t\t\t\t\t\t<p>Disponible pronto<\/p>\t\t\t\t\t\t\t\t<\/div>\n\t\t\t\t<\/div>\n\t\t\t\t\t<\/div>\n\t\t<\/div>\n\t\t\t\t\t<\/div>\n\t\t<\/section>\n\t\t\t\t<section class=\"elementor-section elementor-top-section elementor-element elementor-element-6a297ee elementor-section-boxed elementor-section-height-default elementor-section-height-default\" data-id=\"6a297ee\" data-element_type=\"section\" data-e-type=\"section\">\n\t\t\t\t\t\t<div class=\"elementor-container elementor-column-gap-default\">\n\t\t\t\t\t<div class=\"elementor-column elementor-col-100 elementor-top-column elementor-element elementor-element-3c1133a\" data-id=\"3c1133a\" data-element_type=\"column\" data-e-type=\"column\">\n\t\t\t<div class=\"elementor-widget-wrap elementor-element-populated\">\n\t\t\t\t\t\t<div class=\"elementor-element elementor-element-4c3ae43 elementor-widget elementor-widget-heading\" data-id=\"4c3ae43\" data-element_type=\"widget\" data-e-type=\"widget\" data-widget_type=\"heading.default\">\n\t\t\t\t<div class=\"elementor-widget-container\">\n\t\t\t\t\t<h2 class=\"elementor-heading-title elementor-size-default\">Soluci\u00f3n<\/h2>\t\t\t\t<\/div>\n\t\t\t\t<\/div>\n\t\t\t\t\t<\/div>\n\t\t<\/div>\n\t\t\t\t\t<\/div>\n\t\t<\/section>\n\t\t\t\t<section class=\"elementor-section elementor-top-section elementor-element elementor-element-4de8487 elementor-section-boxed elementor-section-height-default elementor-section-height-default\" data-id=\"4de8487\" data-element_type=\"section\" data-e-type=\"section\">\n\t\t\t\t\t\t<div class=\"elementor-container elementor-column-gap-default\">\n\t\t\t\t\t<div class=\"elementor-column elementor-col-100 elementor-top-column elementor-element elementor-element-acf32d5\" data-id=\"acf32d5\" data-element_type=\"column\" data-e-type=\"column\">\n\t\t\t<div class=\"elementor-widget-wrap elementor-element-populated\">\n\t\t\t\t\t\t<div class=\"elementor-element elementor-element-1ae4f7f elementor-widget elementor-widget-text-editor\" data-id=\"1ae4f7f\" data-element_type=\"widget\" data-e-type=\"widget\" data-widget_type=\"text-editor.default\">\n\t\t\t\t<div class=\"elementor-widget-container\">\n\t\t\t\t\t\t\t\t\t<ol><li>Voy <strong>a<\/strong> llamar <strong>a <\/strong>mi madre para decirle que no vamos a la cena.<\/li><li>\u00bfEst\u00e1s llaves sirven <strong>para<\/strong> algo o son viejas?<\/li><li>Este fin de semana, mis amigos parisinos van <strong>a<\/strong> Tarragona <strong>en<\/strong><\/li><li>No puedo dejar de pensar <strong>en<\/strong> los resultados del examen.<\/li><li>\u00bfHas puesto la chaqueta <strong>en<\/strong> el perchero como te dije?<\/li><li>Mi marido est\u00e1 <strong>en<\/strong> el trabajo de 9 am a 5 pm.<\/li><li>Federico y Nina viajaron <strong>a<\/strong> Argentina en diciembre.<\/li><li>\u00a1Vi <strong>a<\/strong> Johnny Depp <strong>en<\/strong> el aeropuerto!<\/li><li>\u00bfHab\u00e9is puesto vuestras cosas <strong>en <\/strong>la cama?<\/li><li>Vimos <strong>a<\/strong> mis primos el fin de semana pasado.<\/li><\/ol>\t\t\t\t\t\t\t\t<\/div>\n\t\t\t\t<\/div>\n\t\t\t\t\t<\/div>\n\t\t<\/div>\n\t\t\t\t\t<\/div>\n\t\t<\/section>\n\t\t\t\t<section class=\"elementor-section elementor-top-section elementor-element elementor-element-81ed185 elementor-section-boxed elementor-section-height-default elementor-section-height-default\" data-id=\"81ed185\" data-element_type=\"section\" data-e-type=\"section\">\n\t\t\t\t\t\t<div class=\"elementor-container elementor-column-gap-default\">\n\t\t\t\t\t<div class=\"elementor-column elementor-col-100 elementor-top-column elementor-element elementor-element-1da2ab5\" data-id=\"1da2ab5\" data-element_type=\"column\" data-e-type=\"column\">\n\t\t\t<div class=\"elementor-widget-wrap elementor-element-populated\">\n\t\t\t\t\t\t<div class=\"elementor-element elementor-element-7ce6c3c elementor-widget elementor-widget-image\" data-id=\"7ce6c3c\" data-element_type=\"widget\" data-e-type=\"widget\" data-widget_type=\"image.default\">\n\t\t\t\t<div class=\"elementor-widget-container\">\n\t\t\t\t\t\t\t\t\t\t\t\t\t\t\t\t<a href=\"http:\/\/bit.ly\/2ubyyZc\">\n\t\t\t\t\t\t\t<img fetchpriority=\"high\" decoding=\"async\" width=\"280\" height=\"420\" src=\"https:\/\/progrespagnol.com\/fr\/wp-content\/uploads\/sites\/2\/Imagen-Newsletter.jpg\" class=\"attachment-large size-large wp-image-458\" alt=\"Newsletter\" \/>\t\t\t\t\t\t\t\t<\/a>\n\t\t\t\t\t\t\t\t\t\t\t\t\t\t\t<\/div>\n\t\t\t\t<\/div>\n\t\t\t\t\t<\/div>\n\t\t<\/div>\n\t\t\t\t\t<\/div>\n\t\t<\/section>\n\t\t\t\t<\/div>\n\t\t","protected":false},"excerpt":{"rendered":"<p>Vemos las diferencias del uso de las preposiciones EN y A en espa\u00f1ol que no coinciden con el franc\u00e9s<\/p>\n","protected":false},"author":1,"featured_media":380,"comment_status":"open","ping_status":"closed","sticky":false,"template":"","format":"standard","meta":{"_uag_custom_page_level_css":"","_editorskit_title_hidden":false,"_editorskit_reading_time":0,"_editorskit_is_block_options_detached":false,"_editorskit_block_options_position":"{}","_monsterinsights_skip_tracking":false,"_monsterinsights_sitenote_active":false,"_monsterinsights_sitenote_note":"","_monsterinsights_sitenote_category":0,"_genesis_hide_title":false,"_genesis_hide_breadcrumbs":false,"_genesis_hide_singular_image":false,"_genesis_hide_footer_widgets":false,"_genesis_custom_body_class":"","_genesis_custom_post_class":"","_genesis_layout":"","footnotes":""},"categories":[5],"tags":[9],"class_list":{"0":"post-378","1":"post","2":"type-post","3":"status-publish","4":"format-standard","5":"has-post-thumbnail","7":"category-gramatica","8":"tag-blog","9":"entry"},"yoast_head":"<!-- This site is optimized with the Yoast SEO plugin v27.0 - https:\/\/yoast.com\/product\/yoast-seo-wordpress\/ -->\n<title>Usos de En y A en espa\u00f1ol - Progrespagnol<\/title>\n<meta name=\"description\" content=\"Los usos de EN y A en espa\u00f1ol no son tan f\u00e1ciles como parecen. Te voy a explicar las diferencias clave que debes conocer para hablar como un nativo.\" \/>\n<meta name=\"robots\" content=\"index, follow, max-snippet:-1, max-image-preview:large, max-video-preview:-1\" \/>\n<link rel=\"canonical\" href=\"https:\/\/progrespagnol.com\/fr\/blog\/usos-de-en-y-a-en-espanol\/\" \/>\n<meta property=\"og:locale\" content=\"fr_FR\" \/>\n<meta property=\"og:type\" content=\"article\" \/>\n<meta property=\"og:title\" content=\"Usos de En y A en espa\u00f1ol - Progrespagnol\" \/>\n<meta property=\"og:description\" content=\"Los usos de EN y A en espa\u00f1ol no son tan f\u00e1ciles como parecen. Te voy a explicar las diferencias clave que debes conocer para hablar como un nativo.\" \/>\n<meta property=\"og:url\" content=\"https:\/\/progrespagnol.com\/fr\/blog\/usos-de-en-y-a-en-espanol\/\" \/>\n<meta property=\"og:site_name\" content=\"Progrespagnol\" \/>\n<meta property=\"article:published_time\" content=\"2019-12-13T09:33:00+00:00\" \/>\n<meta property=\"article:modified_time\" content=\"2020-07-16T07:46:19+00:00\" \/>\n<meta property=\"og:image\" content=\"https:\/\/progrespagnol.com\/fr\/wp-content\/uploads\/sites\/2\/usos-de-en-y-a-en-espa\u00f1ol.jpg\" \/>\n\t<meta property=\"og:image:width\" content=\"700\" \/>\n\t<meta property=\"og:image:height\" content=\"393\" \/>\n\t<meta property=\"og:image:type\" content=\"image\/jpeg\" \/>\n<meta name=\"author\" content=\"JC\" \/>\n<meta name=\"twitter:card\" content=\"summary_large_image\" \/>\n<meta name=\"twitter:label1\" content=\"\u00c9crit par\" \/>\n\t<meta name=\"twitter:data1\" content=\"JC\" \/>\n\t<meta name=\"twitter:label2\" content=\"Dur\u00e9e de lecture estim\u00e9e\" \/>\n\t<meta name=\"twitter:data2\" content=\"5 minutes\" \/>\n<script type=\"application\/ld+json\" class=\"yoast-schema-graph\">{\"@context\":\"https:\/\/schema.org\",\"@graph\":[{\"@type\":\"Article\",\"@id\":\"https:\/\/progrespagnol.com\/fr\/blog\/usos-de-en-y-a-en-espanol\/#article\",\"isPartOf\":{\"@id\":\"https:\/\/progrespagnol.com\/fr\/blog\/usos-de-en-y-a-en-espanol\/\"},\"author\":{\"name\":\"JC\",\"@id\":\"https:\/\/progrespagnol.com\/fr\/#\/schema\/person\/80d6fc52d0124e1399238ae29a2b16ec\"},\"headline\":\"Usos de En y A en espa\u00f1ol\",\"datePublished\":\"2019-12-13T09:33:00+00:00\",\"dateModified\":\"2020-07-16T07:46:19+00:00\",\"mainEntityOfPage\":{\"@id\":\"https:\/\/progrespagnol.com\/fr\/blog\/usos-de-en-y-a-en-espanol\/\"},\"wordCount\":1069,\"commentCount\":0,\"publisher\":{\"@id\":\"https:\/\/progrespagnol.com\/fr\/#organization\"},\"image\":{\"@id\":\"https:\/\/progrespagnol.com\/fr\/blog\/usos-de-en-y-a-en-espanol\/#primaryimage\"},\"thumbnailUrl\":\"https:\/\/progrespagnol.com\/fr\/wp-content\/uploads\/sites\/2\/usos-de-en-y-a-en-espa\u00f1ol.jpg\",\"keywords\":[\"Blog\"],\"articleSection\":[\"Gram\u00e1tica\"],\"inLanguage\":\"fr-FR\",\"potentialAction\":[{\"@type\":\"CommentAction\",\"name\":\"Comment\",\"target\":[\"https:\/\/progrespagnol.com\/fr\/blog\/usos-de-en-y-a-en-espanol\/#respond\"]}]},{\"@type\":\"WebPage\",\"@id\":\"https:\/\/progrespagnol.com\/fr\/blog\/usos-de-en-y-a-en-espanol\/\",\"url\":\"https:\/\/progrespagnol.com\/fr\/blog\/usos-de-en-y-a-en-espanol\/\",\"name\":\"Usos de En y A en espa\u00f1ol - Progrespagnol\",\"isPartOf\":{\"@id\":\"https:\/\/progrespagnol.com\/fr\/#website\"},\"primaryImageOfPage\":{\"@id\":\"https:\/\/progrespagnol.com\/fr\/blog\/usos-de-en-y-a-en-espanol\/#primaryimage\"},\"image\":{\"@id\":\"https:\/\/progrespagnol.com\/fr\/blog\/usos-de-en-y-a-en-espanol\/#primaryimage\"},\"thumbnailUrl\":\"https:\/\/progrespagnol.com\/fr\/wp-content\/uploads\/sites\/2\/usos-de-en-y-a-en-espa\u00f1ol.jpg\",\"datePublished\":\"2019-12-13T09:33:00+00:00\",\"dateModified\":\"2020-07-16T07:46:19+00:00\",\"description\":\"Los usos de EN y A en espa\u00f1ol no son tan f\u00e1ciles como parecen. Te voy a explicar las diferencias clave que debes conocer para hablar como un nativo.\",\"breadcrumb\":{\"@id\":\"https:\/\/progrespagnol.com\/fr\/blog\/usos-de-en-y-a-en-espanol\/#breadcrumb\"},\"inLanguage\":\"fr-FR\",\"potentialAction\":[{\"@type\":\"ReadAction\",\"target\":[\"https:\/\/progrespagnol.com\/fr\/blog\/usos-de-en-y-a-en-espanol\/\"]}]},{\"@type\":\"ImageObject\",\"inLanguage\":\"fr-FR\",\"@id\":\"https:\/\/progrespagnol.com\/fr\/blog\/usos-de-en-y-a-en-espanol\/#primaryimage\",\"url\":\"https:\/\/progrespagnol.com\/fr\/wp-content\/uploads\/sites\/2\/usos-de-en-y-a-en-espa\u00f1ol.jpg\",\"contentUrl\":\"https:\/\/progrespagnol.com\/fr\/wp-content\/uploads\/sites\/2\/usos-de-en-y-a-en-espa\u00f1ol.jpg\",\"width\":700,\"height\":393,\"caption\":\"usos de en y a en espa\u00f1ol\"},{\"@type\":\"BreadcrumbList\",\"@id\":\"https:\/\/progrespagnol.com\/fr\/blog\/usos-de-en-y-a-en-espanol\/#breadcrumb\",\"itemListElement\":[{\"@type\":\"ListItem\",\"position\":1,\"name\":\"Portada\",\"item\":\"https:\/\/progrespagnol.com\/fr\/\"},{\"@type\":\"ListItem\",\"position\":2,\"name\":\"Usos de En y A en espa\u00f1ol\"}]},{\"@type\":\"WebSite\",\"@id\":\"https:\/\/progrespagnol.com\/fr\/#website\",\"url\":\"https:\/\/progrespagnol.com\/fr\/\",\"name\":\"Progrespagnol\",\"description\":\"Espagnol pro et de voyages\",\"publisher\":{\"@id\":\"https:\/\/progrespagnol.com\/fr\/#organization\"},\"potentialAction\":[{\"@type\":\"SearchAction\",\"target\":{\"@type\":\"EntryPoint\",\"urlTemplate\":\"https:\/\/progrespagnol.com\/fr\/?s={search_term_string}\"},\"query-input\":{\"@type\":\"PropertyValueSpecification\",\"valueRequired\":true,\"valueName\":\"search_term_string\"}}],\"inLanguage\":\"fr-FR\"},{\"@type\":\"Organization\",\"@id\":\"https:\/\/progrespagnol.com\/fr\/#organization\",\"name\":\"Progrespagnol\",\"url\":\"https:\/\/progrespagnol.com\/fr\/\",\"logo\":{\"@type\":\"ImageObject\",\"inLanguage\":\"fr-FR\",\"@id\":\"https:\/\/progrespagnol.com\/fr\/#\/schema\/logo\/image\/\",\"url\":\"https:\/\/progrespagnol.com\/fr\/wp-content\/uploads\/sites\/2\/cropped-logo.png\",\"contentUrl\":\"https:\/\/progrespagnol.com\/fr\/wp-content\/uploads\/sites\/2\/cropped-logo.png\",\"width\":250,\"height\":56,\"caption\":\"Progrespagnol\"},\"image\":{\"@id\":\"https:\/\/progrespagnol.com\/fr\/#\/schema\/logo\/image\/\"}},{\"@type\":\"Person\",\"@id\":\"https:\/\/progrespagnol.com\/fr\/#\/schema\/person\/80d6fc52d0124e1399238ae29a2b16ec\",\"name\":\"JC\",\"image\":{\"@type\":\"ImageObject\",\"inLanguage\":\"fr-FR\",\"@id\":\"https:\/\/progrespagnol.com\/fr\/#\/schema\/person\/image\/\",\"url\":\"https:\/\/secure.gravatar.com\/avatar\/bd8c405e3bdd88951414ff66c90726a9dea283b0100cc306b441dff5624eace4?s=96&r=g\",\"contentUrl\":\"https:\/\/secure.gravatar.com\/avatar\/bd8c405e3bdd88951414ff66c90726a9dea283b0100cc306b441dff5624eace4?s=96&r=g\",\"caption\":\"JC\"},\"sameAs\":[\"https:\/\/www.instagram.com\/progrespagnol\/\"],\"url\":\"https:\/\/progrespagnol.com\/fr\/blog\/author\/63fe7be783\/\"}]}<\/script>\n<!-- \/ Yoast SEO plugin. -->","yoast_head_json":{"title":"Usos de En y A en espa\u00f1ol - Progrespagnol","description":"Los usos de EN y A en espa\u00f1ol no son tan f\u00e1ciles como parecen. Te voy a explicar las diferencias clave que debes conocer para hablar como un nativo.","robots":{"index":"index","follow":"follow","max-snippet":"max-snippet:-1","max-image-preview":"max-image-preview:large","max-video-preview":"max-video-preview:-1"},"canonical":"https:\/\/progrespagnol.com\/fr\/blog\/usos-de-en-y-a-en-espanol\/","og_locale":"fr_FR","og_type":"article","og_title":"Usos de En y A en espa\u00f1ol - Progrespagnol","og_description":"Los usos de EN y A en espa\u00f1ol no son tan f\u00e1ciles como parecen. Te voy a explicar las diferencias clave que debes conocer para hablar como un nativo.","og_url":"https:\/\/progrespagnol.com\/fr\/blog\/usos-de-en-y-a-en-espanol\/","og_site_name":"Progrespagnol","article_published_time":"2019-12-13T09:33:00+00:00","article_modified_time":"2020-07-16T07:46:19+00:00","og_image":[{"width":700,"height":393,"url":"https:\/\/progrespagnol.com\/fr\/wp-content\/uploads\/sites\/2\/usos-de-en-y-a-en-espa\u00f1ol.jpg","type":"image\/jpeg"}],"author":"JC","twitter_card":"summary_large_image","twitter_misc":{"\u00c9crit par":"JC","Dur\u00e9e de lecture estim\u00e9e":"5 minutes"},"schema":{"@context":"https:\/\/schema.org","@graph":[{"@type":"Article","@id":"https:\/\/progrespagnol.com\/fr\/blog\/usos-de-en-y-a-en-espanol\/#article","isPartOf":{"@id":"https:\/\/progrespagnol.com\/fr\/blog\/usos-de-en-y-a-en-espanol\/"},"author":{"name":"JC","@id":"https:\/\/progrespagnol.com\/fr\/#\/schema\/person\/80d6fc52d0124e1399238ae29a2b16ec"},"headline":"Usos de En y A en espa\u00f1ol","datePublished":"2019-12-13T09:33:00+00:00","dateModified":"2020-07-16T07:46:19+00:00","mainEntityOfPage":{"@id":"https:\/\/progrespagnol.com\/fr\/blog\/usos-de-en-y-a-en-espanol\/"},"wordCount":1069,"commentCount":0,"publisher":{"@id":"https:\/\/progrespagnol.com\/fr\/#organization"},"image":{"@id":"https:\/\/progrespagnol.com\/fr\/blog\/usos-de-en-y-a-en-espanol\/#primaryimage"},"thumbnailUrl":"https:\/\/progrespagnol.com\/fr\/wp-content\/uploads\/sites\/2\/usos-de-en-y-a-en-espa\u00f1ol.jpg","keywords":["Blog"],"articleSection":["Gram\u00e1tica"],"inLanguage":"fr-FR","potentialAction":[{"@type":"CommentAction","name":"Comment","target":["https:\/\/progrespagnol.com\/fr\/blog\/usos-de-en-y-a-en-espanol\/#respond"]}]},{"@type":"WebPage","@id":"https:\/\/progrespagnol.com\/fr\/blog\/usos-de-en-y-a-en-espanol\/","url":"https:\/\/progrespagnol.com\/fr\/blog\/usos-de-en-y-a-en-espanol\/","name":"Usos de En y A en espa\u00f1ol - Progrespagnol","isPartOf":{"@id":"https:\/\/progrespagnol.com\/fr\/#website"},"primaryImageOfPage":{"@id":"https:\/\/progrespagnol.com\/fr\/blog\/usos-de-en-y-a-en-espanol\/#primaryimage"},"image":{"@id":"https:\/\/progrespagnol.com\/fr\/blog\/usos-de-en-y-a-en-espanol\/#primaryimage"},"thumbnailUrl":"https:\/\/progrespagnol.com\/fr\/wp-content\/uploads\/sites\/2\/usos-de-en-y-a-en-espa\u00f1ol.jpg","datePublished":"2019-12-13T09:33:00+00:00","dateModified":"2020-07-16T07:46:19+00:00","description":"Los usos de EN y A en espa\u00f1ol no son tan f\u00e1ciles como parecen. Te voy a explicar las diferencias clave que debes conocer para hablar como un nativo.","breadcrumb":{"@id":"https:\/\/progrespagnol.com\/fr\/blog\/usos-de-en-y-a-en-espanol\/#breadcrumb"},"inLanguage":"fr-FR","potentialAction":[{"@type":"ReadAction","target":["https:\/\/progrespagnol.com\/fr\/blog\/usos-de-en-y-a-en-espanol\/"]}]},{"@type":"ImageObject","inLanguage":"fr-FR","@id":"https:\/\/progrespagnol.com\/fr\/blog\/usos-de-en-y-a-en-espanol\/#primaryimage","url":"https:\/\/progrespagnol.com\/fr\/wp-content\/uploads\/sites\/2\/usos-de-en-y-a-en-espa\u00f1ol.jpg","contentUrl":"https:\/\/progrespagnol.com\/fr\/wp-content\/uploads\/sites\/2\/usos-de-en-y-a-en-espa\u00f1ol.jpg","width":700,"height":393,"caption":"usos de en y a en espa\u00f1ol"},{"@type":"BreadcrumbList","@id":"https:\/\/progrespagnol.com\/fr\/blog\/usos-de-en-y-a-en-espanol\/#breadcrumb","itemListElement":[{"@type":"ListItem","position":1,"name":"Portada","item":"https:\/\/progrespagnol.com\/fr\/"},{"@type":"ListItem","position":2,"name":"Usos de En y A en espa\u00f1ol"}]},{"@type":"WebSite","@id":"https:\/\/progrespagnol.com\/fr\/#website","url":"https:\/\/progrespagnol.com\/fr\/","name":"Progrespagnol","description":"Espagnol pro et de voyages","publisher":{"@id":"https:\/\/progrespagnol.com\/fr\/#organization"},"potentialAction":[{"@type":"SearchAction","target":{"@type":"EntryPoint","urlTemplate":"https:\/\/progrespagnol.com\/fr\/?s={search_term_string}"},"query-input":{"@type":"PropertyValueSpecification","valueRequired":true,"valueName":"search_term_string"}}],"inLanguage":"fr-FR"},{"@type":"Organization","@id":"https:\/\/progrespagnol.com\/fr\/#organization","name":"Progrespagnol","url":"https:\/\/progrespagnol.com\/fr\/","logo":{"@type":"ImageObject","inLanguage":"fr-FR","@id":"https:\/\/progrespagnol.com\/fr\/#\/schema\/logo\/image\/","url":"https:\/\/progrespagnol.com\/fr\/wp-content\/uploads\/sites\/2\/cropped-logo.png","contentUrl":"https:\/\/progrespagnol.com\/fr\/wp-content\/uploads\/sites\/2\/cropped-logo.png","width":250,"height":56,"caption":"Progrespagnol"},"image":{"@id":"https:\/\/progrespagnol.com\/fr\/#\/schema\/logo\/image\/"}},{"@type":"Person","@id":"https:\/\/progrespagnol.com\/fr\/#\/schema\/person\/80d6fc52d0124e1399238ae29a2b16ec","name":"JC","image":{"@type":"ImageObject","inLanguage":"fr-FR","@id":"https:\/\/progrespagnol.com\/fr\/#\/schema\/person\/image\/","url":"https:\/\/secure.gravatar.com\/avatar\/bd8c405e3bdd88951414ff66c90726a9dea283b0100cc306b441dff5624eace4?s=96&r=g","contentUrl":"https:\/\/secure.gravatar.com\/avatar\/bd8c405e3bdd88951414ff66c90726a9dea283b0100cc306b441dff5624eace4?s=96&r=g","caption":"JC"},"sameAs":["https:\/\/www.instagram.com\/progrespagnol\/"],"url":"https:\/\/progrespagnol.com\/fr\/blog\/author\/63fe7be783\/"}]}},"uagb_featured_image_src":{"full":["https:\/\/progrespagnol.com\/fr\/wp-content\/uploads\/sites\/2\/usos-de-en-y-a-en-espa\u00f1ol.jpg",700,393,false],"thumbnail":["https:\/\/progrespagnol.com\/fr\/wp-content\/uploads\/sites\/2\/usos-de-en-y-a-en-espa\u00f1ol.jpg",128,72,false],"medium":["https:\/\/progrespagnol.com\/fr\/wp-content\/uploads\/sites\/2\/usos-de-en-y-a-en-espa\u00f1ol.jpg",700,393,false],"medium_large":["https:\/\/progrespagnol.com\/fr\/wp-content\/uploads\/sites\/2\/usos-de-en-y-a-en-espa\u00f1ol.jpg",700,393,false],"large":["https:\/\/progrespagnol.com\/fr\/wp-content\/uploads\/sites\/2\/usos-de-en-y-a-en-espa\u00f1ol.jpg",700,393,false],"1536x1536":["https:\/\/progrespagnol.com\/fr\/wp-content\/uploads\/sites\/2\/usos-de-en-y-a-en-espa\u00f1ol.jpg",700,393,false],"2048x2048":["https:\/\/progrespagnol.com\/fr\/wp-content\/uploads\/sites\/2\/usos-de-en-y-a-en-espa\u00f1ol.jpg",700,393,false]},"uagb_author_info":{"display_name":"JC","author_link":"https:\/\/progrespagnol.com\/fr\/blog\/author\/63fe7be783\/"},"uagb_comment_info":0,"uagb_excerpt":"Vemos las diferencias del uso de las preposiciones EN y A en espa\u00f1ol que no coinciden con el franc\u00e9s","_links":{"self":[{"href":"https:\/\/progrespagnol.com\/fr\/wp-json\/wp\/v2\/posts\/378","targetHints":{"allow":["GET"]}}],"collection":[{"href":"https:\/\/progrespagnol.com\/fr\/wp-json\/wp\/v2\/posts"}],"about":[{"href":"https:\/\/progrespagnol.com\/fr\/wp-json\/wp\/v2\/types\/post"}],"author":[{"embeddable":true,"href":"https:\/\/progrespagnol.com\/fr\/wp-json\/wp\/v2\/users\/1"}],"replies":[{"embeddable":true,"href":"https:\/\/progrespagnol.com\/fr\/wp-json\/wp\/v2\/comments?post=378"}],"version-history":[{"count":0,"href":"https:\/\/progrespagnol.com\/fr\/wp-json\/wp\/v2\/posts\/378\/revisions"}],"wp:featuredmedia":[{"embeddable":true,"href":"https:\/\/progrespagnol.com\/fr\/wp-json\/wp\/v2\/media\/380"}],"wp:attachment":[{"href":"https:\/\/progrespagnol.com\/fr\/wp-json\/wp\/v2\/media?parent=378"}],"wp:term":[{"taxonomy":"category","embeddable":true,"href":"https:\/\/progrespagnol.com\/fr\/wp-json\/wp\/v2\/categories?post=378"},{"taxonomy":"post_tag","embeddable":true,"href":"https:\/\/progrespagnol.com\/fr\/wp-json\/wp\/v2\/tags?post=378"}],"curies":[{"name":"wp","href":"https:\/\/api.w.org\/{rel}","templated":true}]}}