{"id":699,"date":"2020-07-01T09:44:51","date_gmt":"2020-07-01T07:44:51","guid":{"rendered":"https:\/\/progrespagnol.com\/?p=699"},"modified":"2020-07-16T09:35:31","modified_gmt":"2020-07-16T07:35:31","slug":"subjuntivo-regular-en-espanol","status":"publish","type":"post","link":"https:\/\/progrespagnol.com\/fr\/blog\/subjuntivo-regular-en-espanol\/","title":{"rendered":"Subjuntivo regular en Espa\u00f1ol"},"content":{"rendered":"\t\t<div data-elementor-type=\"wp-post\" data-elementor-id=\"699\" class=\"elementor elementor-699\" data-elementor-post-type=\"post\">\n\t\t\t\t\t\t<section class=\"elementor-section elementor-top-section elementor-element elementor-element-a4a7aa9 elementor-section-boxed elementor-section-height-default elementor-section-height-default\" data-id=\"a4a7aa9\" data-element_type=\"section\" data-e-type=\"section\">\n\t\t\t\t\t\t<div class=\"elementor-container elementor-column-gap-default\">\n\t\t\t\t\t<div class=\"elementor-column elementor-col-100 elementor-top-column elementor-element elementor-element-0f495b7\" data-id=\"0f495b7\" data-element_type=\"column\" data-e-type=\"column\">\n\t\t\t<div class=\"elementor-widget-wrap elementor-element-populated\">\n\t\t\t\t\t\t<div class=\"elementor-element elementor-element-c2521ad elementor-widget elementor-widget-heading\" data-id=\"c2521ad\" data-element_type=\"widget\" data-e-type=\"widget\" data-widget_type=\"heading.default\">\n\t\t\t\t<div class=\"elementor-widget-container\">\n\t\t\t\t\t<h2 class=\"elementor-heading-title elementor-size-default\">El subjuntivo regular en espa\u00f1ol de forma f\u00e1cil<\/h2>\t\t\t\t<\/div>\n\t\t\t\t<\/div>\n\t\t\t\t\t<\/div>\n\t\t<\/div>\n\t\t\t\t\t<\/div>\n\t\t<\/section>\n\t\t\t\t<section class=\"elementor-section elementor-top-section elementor-element elementor-element-71978b7 elementor-section-boxed elementor-section-height-default elementor-section-height-default\" data-id=\"71978b7\" data-element_type=\"section\" data-e-type=\"section\">\n\t\t\t\t\t\t<div class=\"elementor-container elementor-column-gap-default\">\n\t\t\t\t\t<div class=\"elementor-column elementor-col-100 elementor-top-column elementor-element elementor-element-e40b3ea\" data-id=\"e40b3ea\" data-element_type=\"column\" data-e-type=\"column\">\n\t\t\t<div class=\"elementor-widget-wrap elementor-element-populated\">\n\t\t\t\t\t\t<div class=\"elementor-element elementor-element-9a938a1 elementor-widget elementor-widget-text-editor\" data-id=\"9a938a1\" data-element_type=\"widget\" data-e-type=\"widget\" data-widget_type=\"text-editor.default\">\n\t\t\t\t<div class=\"elementor-widget-container\">\n\t\t\t\t\t\t\t\t\t<p>S\u00ed, el subjuntivo (regular) en espa\u00f1ol es uno de esos temas que <strong>causa problemas<\/strong> a los estudiantes avanzados.<\/p><p>Pero <strong>es m\u00e1s simple de lo que parece.<\/strong><\/p><p>Hoy comenzamos la<strong> revisi\u00f3n del subjuntivo en espa\u00f1ol con los verbos regulares.<\/strong> \u00a1Mira el video!<\/p>\t\t\t\t\t\t\t\t<\/div>\n\t\t\t\t<\/div>\n\t\t\t\t\t<\/div>\n\t\t<\/div>\n\t\t\t\t\t<\/div>\n\t\t<\/section>\n\t\t\t\t<section class=\"elementor-section elementor-top-section elementor-element elementor-element-bcc4cf8 elementor-section-boxed elementor-section-height-default elementor-section-height-default\" data-id=\"bcc4cf8\" data-element_type=\"section\" data-e-type=\"section\">\n\t\t\t\t\t\t<div class=\"elementor-container elementor-column-gap-default\">\n\t\t\t\t\t<div class=\"elementor-column elementor-col-100 elementor-top-column elementor-element elementor-element-e69fd98\" data-id=\"e69fd98\" data-element_type=\"column\" data-e-type=\"column\">\n\t\t\t<div class=\"elementor-widget-wrap elementor-element-populated\">\n\t\t\t\t\t\t<div class=\"elementor-element elementor-element-c88d0f2 elementor-widget elementor-widget-video\" data-id=\"c88d0f2\" data-element_type=\"widget\" data-e-type=\"widget\" data-settings=\"{&quot;youtube_url&quot;:&quot;https:\\\/\\\/www.youtube.com\\\/watch?v=4q7jiAaFtFM&quot;,&quot;video_type&quot;:&quot;youtube&quot;,&quot;controls&quot;:&quot;yes&quot;}\" data-widget_type=\"video.default\">\n\t\t\t\t<div class=\"elementor-widget-container\">\n\t\t\t\t\t\t\t<div class=\"elementor-wrapper elementor-open-inline\">\n\t\t\t<div class=\"elementor-video\"><\/div>\t\t<\/div>\n\t\t\t\t\t\t<\/div>\n\t\t\t\t<\/div>\n\t\t\t\t\t<\/div>\n\t\t<\/div>\n\t\t\t\t\t<\/div>\n\t\t<\/section>\n\t\t\t\t<section class=\"elementor-section elementor-top-section elementor-element elementor-element-c9a5f23 elementor-section-boxed elementor-section-height-default elementor-section-height-default\" data-id=\"c9a5f23\" data-element_type=\"section\" data-e-type=\"section\">\n\t\t\t\t\t\t<div class=\"elementor-container elementor-column-gap-default\">\n\t\t\t\t\t<div class=\"elementor-column elementor-col-100 elementor-top-column elementor-element elementor-element-7724d40\" data-id=\"7724d40\" data-element_type=\"column\" data-e-type=\"column\">\n\t\t\t<div class=\"elementor-widget-wrap elementor-element-populated\">\n\t\t\t\t\t\t<div class=\"elementor-element elementor-element-091a836 elementor-widget elementor-widget-heading\" data-id=\"091a836\" data-element_type=\"widget\" data-e-type=\"widget\" data-widget_type=\"heading.default\">\n\t\t\t\t<div class=\"elementor-widget-container\">\n\t\t\t\t\t<h2 class=\"elementor-heading-title elementor-size-default\">Explicaci\u00f3n<\/h2>\t\t\t\t<\/div>\n\t\t\t\t<\/div>\n\t\t\t\t\t<\/div>\n\t\t<\/div>\n\t\t\t\t\t<\/div>\n\t\t<\/section>\n\t\t\t\t<section class=\"elementor-section elementor-top-section elementor-element elementor-element-efcf8f2 elementor-section-boxed elementor-section-height-default elementor-section-height-default\" data-id=\"efcf8f2\" data-element_type=\"section\" data-e-type=\"section\">\n\t\t\t\t\t\t<div class=\"elementor-container elementor-column-gap-default\">\n\t\t\t\t\t<div class=\"elementor-column elementor-col-100 elementor-top-column elementor-element elementor-element-8650d4c\" data-id=\"8650d4c\" data-element_type=\"column\" data-e-type=\"column\">\n\t\t\t<div class=\"elementor-widget-wrap elementor-element-populated\">\n\t\t\t\t\t\t<div class=\"elementor-element elementor-element-7c1f3a2 elementor-widget elementor-widget-text-editor\" data-id=\"7c1f3a2\" data-element_type=\"widget\" data-e-type=\"widget\" data-widget_type=\"text-editor.default\">\n\t\t\t\t<div class=\"elementor-widget-container\">\n\t\t\t\t\t\t\t\t\t<p>Como te digo en el video, la formaci\u00f3n del subjuntivo regular es bastante simple.<strong> Solo debes cambiar la terminaci\u00f3n del verbo en presente por la terminaci\u00f3n del otro grupo.\u00a0<\/strong><\/p><p>Por ejemplo, los verbos en \u00ab\u00a0ar\u00a0\u00bb como \u00ab\u00a0hablar\u00a0\u00bb toman la terminaci\u00f3n de los verbos en \u00ab\u00a0er\u00a0\u00bb (y \u00ab\u00a0yo\u00a0\u00bb tambi\u00e9n toma la vocal del otro grupo). Esto nos dar\u00eda:<\/p><p>Habl<strong>o<\/strong> -&gt; Habl<strong>e<\/strong><\/p><p>Habl<strong>as<\/strong> -&gt; Habl<strong>es<\/strong><\/p><p>Habl<strong>a<\/strong> -&gt; Habl<strong>e<\/strong><\/p><p>Habl<strong>amos<\/strong> -&gt; Habl<strong>emos<\/strong><\/p><p>Habl<strong>\u00e1is<\/strong> -&gt; Habl<strong>\u00e9is<\/strong><\/p><p>Habl<strong>an<\/strong> -&gt; Habl<strong>en<\/strong><\/p><p>Mira la secci\u00f3n de <a href=\"https:\/\/progrespagnol.com\/categoria\/gramatica\/\" target=\"_blank\" rel=\"noopener\">gram\u00e1tica<\/a> para mejorar a\u00fan m\u00e1s tu espa\u00f1ol.<\/p><p>Lo mismo para el grupo en \u00ab\u00a0er\u00a0\u00bb y en \u00ab\u00a0ir\u00a0\u00bb (atenci\u00f3n con \u00ab\u00a0vosotros\u00a0\u00bb):<\/p><p>Com<strong>o<\/strong> -&gt; Com<strong>a<\/strong> \/\/ Viv<strong>o<\/strong> -&gt; Viv<strong>a<\/strong><\/p><p>Com<strong>es<\/strong> -&gt; Com<strong>as<\/strong> \/\/ Viv<strong>es<\/strong> -&gt; Viv<strong>as<\/strong><\/p><p>Com<strong>e<\/strong> -&gt; Com<strong>a<\/strong> \/\/ Viv<strong>e<\/strong> -&gt; Viv<strong>a<\/strong><\/p><p>Com<strong>emos<\/strong> -&gt; Com<strong>amos<\/strong> \/\/ Viv<strong>imos<\/strong> -&gt; Viv<strong>amos<\/strong><\/p><p>Com<strong>\u00e9is<\/strong> -&gt; Com<strong>\u00e1is<\/strong> \/\/ Viv<span style=\"text-decoration: underline;\"><strong>\u00eds<\/strong><\/span> -&gt; Viv<span style=\"text-decoration: underline;\"><strong>\u00e1is<\/strong><\/span>\u00a0<\/p><p>Com<strong>en<\/strong> -&gt; Com<strong>an<\/strong> \/\/ Viv<strong>en<\/strong> -&gt; Viv<strong>an<\/strong><\/p><p>Como ves, es bastante f\u00e1cil. Te invito a conjugar los verbos\u00a0<strong>visitar, beber y decidir<\/strong> en comentarios para practicar.<\/p><p>Si quieres aprender m\u00e1s espa\u00f1ol y mantenerte al d\u00eda con las novedades de\u00a0<strong><a href=\"https:\/\/progrespagnol.com\/\" target=\"_blank\" rel=\"noopener\">progrespagnol<\/a><\/strong>, te invito a suscribirte a la\u00a0<strong><a href=\"https:\/\/mailchi.mp\/e822d530a210\/newsletterprogrespagnol\" target=\"_blank\" rel=\"noopener\">Newsletter<\/a><\/strong>\u00a0y obtener la\u00a0<strong>Gu\u00eda de 50 falsos amigos que debes conocer entre el franc\u00e9s y el espa\u00f1ol<\/strong>.\u00a0<\/p>\t\t\t\t\t\t\t\t<\/div>\n\t\t\t\t<\/div>\n\t\t\t\t\t<\/div>\n\t\t<\/div>\n\t\t\t\t\t<\/div>\n\t\t<\/section>\n\t\t\t\t<section class=\"elementor-section elementor-top-section elementor-element elementor-element-20d1098 elementor-section-boxed elementor-section-height-default elementor-section-height-default\" data-id=\"20d1098\" data-element_type=\"section\" data-e-type=\"section\">\n\t\t\t\t\t\t<div class=\"elementor-container elementor-column-gap-default\">\n\t\t\t\t\t<div class=\"elementor-column elementor-col-100 elementor-top-column elementor-element elementor-element-f3a7be6\" data-id=\"f3a7be6\" data-element_type=\"column\" data-e-type=\"column\">\n\t\t\t<div class=\"elementor-widget-wrap elementor-element-populated\">\n\t\t\t\t\t\t<div class=\"elementor-element elementor-element-b8faaed elementor-widget elementor-widget-image\" data-id=\"b8faaed\" data-element_type=\"widget\" data-e-type=\"widget\" data-widget_type=\"image.default\">\n\t\t\t\t<div class=\"elementor-widget-container\">\n\t\t\t\t\t\t\t\t\t\t\t\t\t\t\t\t<a href=\"http:\/\/bit.ly\/2ubyyZc\">\n\t\t\t\t\t\t\t<img fetchpriority=\"high\" decoding=\"async\" width=\"280\" height=\"420\" src=\"https:\/\/progrespagnol.com\/fr\/wp-content\/uploads\/sites\/2\/Imagen-Newsletter.jpg\" class=\"attachment-large size-large wp-image-458\" alt=\"Newsletter\" \/>\t\t\t\t\t\t\t\t<\/a>\n\t\t\t\t\t\t\t\t\t\t\t\t\t\t\t<\/div>\n\t\t\t\t<\/div>\n\t\t\t\t\t<\/div>\n\t\t<\/div>\n\t\t\t\t\t<\/div>\n\t\t<\/section>\n\t\t\t\t<\/div>\n\t\t","protected":false},"excerpt":{"rendered":"<p>El subjuntivo regular en espa\u00f1ol de forma f\u00e1cil S\u00ed, el subjuntivo (regular) en espa\u00f1ol es uno de esos temas que causa problemas a los estudiantes avanzados. Pero es m\u00e1s simple de lo que parece. Hoy comenzamos la revisi\u00f3n del subjuntivo en espa\u00f1ol con los verbos regulares. \u00a1Mira el video! https:\/\/www.youtube.com\/watch?v=4q7jiAaFtFM Explicaci\u00f3n Como te digo en [&hellip;]<\/p>\n","protected":false},"author":1,"featured_media":704,"comment_status":"open","ping_status":"closed","sticky":false,"template":"","format":"standard","meta":{"_uag_custom_page_level_css":"","_editorskit_title_hidden":false,"_editorskit_reading_time":0,"_editorskit_is_block_options_detached":false,"_editorskit_block_options_position":"{}","_monsterinsights_skip_tracking":false,"_monsterinsights_sitenote_active":false,"_monsterinsights_sitenote_note":"","_monsterinsights_sitenote_category":0,"_breakdance_hide_in_design_set":false,"_breakdance_tags":"","footnotes":""},"categories":[5],"tags":[9],"class_list":["post-699","post","type-post","status-publish","format-standard","has-post-thumbnail","hentry","category-gramatica","tag-blog"],"yoast_head":"<!-- This site is optimized with the Yoast SEO plugin v27.9 - https:\/\/yoast.com\/product\/yoast-seo-wordpress\/ -->\n<title>Subjuntivo regular en Espa\u00f1ol - Progrespagnol<\/title>\n<meta name=\"description\" content=\"Aprender el subjuntivo regular en espa\u00f1ol de forma f\u00e1cil y r\u00e1pida. Para hacer el subjuntivo solamente tienes que cambiar la vocal de los grupos en &quot;a&quot; por..\" \/>\n<meta name=\"robots\" content=\"index, follow, max-snippet:-1, max-image-preview:large, max-video-preview:-1\" \/>\n<link rel=\"canonical\" href=\"https:\/\/progrespagnol.com\/fr\/blog\/subjuntivo-regular-en-espanol\/\" \/>\n<meta property=\"og:locale\" content=\"fr_FR\" \/>\n<meta property=\"og:type\" content=\"article\" \/>\n<meta property=\"og:title\" content=\"Subjuntivo regular en Espa\u00f1ol - Progrespagnol\" \/>\n<meta property=\"og:description\" content=\"Aprender el subjuntivo regular en espa\u00f1ol de forma f\u00e1cil y r\u00e1pida. Para hacer el subjuntivo solamente tienes que cambiar la vocal de los grupos en &quot;a&quot; por..\" \/>\n<meta property=\"og:url\" content=\"https:\/\/progrespagnol.com\/fr\/blog\/subjuntivo-regular-en-espanol\/\" \/>\n<meta property=\"og:site_name\" content=\"Progrespagnol\" \/>\n<meta property=\"article:published_time\" content=\"2020-07-01T07:44:51+00:00\" \/>\n<meta property=\"article:modified_time\" content=\"2020-07-16T07:35:31+00:00\" \/>\n<meta property=\"og:image\" content=\"https:\/\/progrespagnol.com\/fr\/wp-content\/uploads\/sites\/2\/Subjuntivo-regular-en-Espa\u00f1ol-copia.jpg\" \/>\n\t<meta property=\"og:image:width\" content=\"700\" \/>\n\t<meta property=\"og:image:height\" content=\"393\" \/>\n\t<meta property=\"og:image:type\" content=\"image\/jpeg\" \/>\n<meta name=\"author\" content=\"JC\" \/>\n<meta name=\"twitter:card\" content=\"summary_large_image\" \/>\n<meta name=\"twitter:label1\" content=\"\u00c9crit par\" \/>\n\t<meta name=\"twitter:data1\" content=\"JC\" \/>\n\t<meta name=\"twitter:label2\" content=\"Dur\u00e9e de lecture estim\u00e9e\" \/>\n\t<meta name=\"twitter:data2\" content=\"1 minute\" \/>\n<script type=\"application\/ld+json\" class=\"yoast-schema-graph\">{\"@context\":\"https:\\\/\\\/schema.org\",\"@graph\":[{\"@type\":\"Article\",\"@id\":\"https:\\\/\\\/progrespagnol.com\\\/fr\\\/blog\\\/subjuntivo-regular-en-espanol\\\/#article\",\"isPartOf\":{\"@id\":\"https:\\\/\\\/progrespagnol.com\\\/fr\\\/blog\\\/subjuntivo-regular-en-espanol\\\/\"},\"author\":{\"name\":\"JC\",\"@id\":\"https:\\\/\\\/progrespagnol.com\\\/fr\\\/#\\\/schema\\\/person\\\/80d6fc52d0124e1399238ae29a2b16ec\"},\"headline\":\"Subjuntivo regular en Espa\u00f1ol\",\"datePublished\":\"2020-07-01T07:44:51+00:00\",\"dateModified\":\"2020-07-16T07:35:31+00:00\",\"mainEntityOfPage\":{\"@id\":\"https:\\\/\\\/progrespagnol.com\\\/fr\\\/blog\\\/subjuntivo-regular-en-espanol\\\/\"},\"wordCount\":304,\"commentCount\":0,\"publisher\":{\"@id\":\"https:\\\/\\\/progrespagnol.com\\\/fr\\\/#organization\"},\"image\":{\"@id\":\"https:\\\/\\\/progrespagnol.com\\\/fr\\\/blog\\\/subjuntivo-regular-en-espanol\\\/#primaryimage\"},\"thumbnailUrl\":\"https:\\\/\\\/progrespagnol.com\\\/fr\\\/wp-content\\\/uploads\\\/sites\\\/2\\\/Subjuntivo-regular-en-Espa\u00f1ol-copia.jpg\",\"keywords\":[\"Blog\"],\"articleSection\":[\"Gram\u00e1tica\"],\"inLanguage\":\"fr-FR\",\"potentialAction\":[{\"@type\":\"CommentAction\",\"name\":\"Comment\",\"target\":[\"https:\\\/\\\/progrespagnol.com\\\/fr\\\/blog\\\/subjuntivo-regular-en-espanol\\\/#respond\"]}]},{\"@type\":\"WebPage\",\"@id\":\"https:\\\/\\\/progrespagnol.com\\\/fr\\\/blog\\\/subjuntivo-regular-en-espanol\\\/\",\"url\":\"https:\\\/\\\/progrespagnol.com\\\/fr\\\/blog\\\/subjuntivo-regular-en-espanol\\\/\",\"name\":\"Subjuntivo regular en Espa\u00f1ol - Progrespagnol\",\"isPartOf\":{\"@id\":\"https:\\\/\\\/progrespagnol.com\\\/fr\\\/#website\"},\"primaryImageOfPage\":{\"@id\":\"https:\\\/\\\/progrespagnol.com\\\/fr\\\/blog\\\/subjuntivo-regular-en-espanol\\\/#primaryimage\"},\"image\":{\"@id\":\"https:\\\/\\\/progrespagnol.com\\\/fr\\\/blog\\\/subjuntivo-regular-en-espanol\\\/#primaryimage\"},\"thumbnailUrl\":\"https:\\\/\\\/progrespagnol.com\\\/fr\\\/wp-content\\\/uploads\\\/sites\\\/2\\\/Subjuntivo-regular-en-Espa\u00f1ol-copia.jpg\",\"datePublished\":\"2020-07-01T07:44:51+00:00\",\"dateModified\":\"2020-07-16T07:35:31+00:00\",\"description\":\"Aprender el subjuntivo regular en espa\u00f1ol de forma f\u00e1cil y r\u00e1pida. Para hacer el subjuntivo solamente tienes que cambiar la vocal de los grupos en \\\"a\\\" por..\",\"breadcrumb\":{\"@id\":\"https:\\\/\\\/progrespagnol.com\\\/fr\\\/blog\\\/subjuntivo-regular-en-espanol\\\/#breadcrumb\"},\"inLanguage\":\"fr-FR\",\"potentialAction\":[{\"@type\":\"ReadAction\",\"target\":[\"https:\\\/\\\/progrespagnol.com\\\/fr\\\/blog\\\/subjuntivo-regular-en-espanol\\\/\"]}]},{\"@type\":\"ImageObject\",\"inLanguage\":\"fr-FR\",\"@id\":\"https:\\\/\\\/progrespagnol.com\\\/fr\\\/blog\\\/subjuntivo-regular-en-espanol\\\/#primaryimage\",\"url\":\"https:\\\/\\\/progrespagnol.com\\\/fr\\\/wp-content\\\/uploads\\\/sites\\\/2\\\/Subjuntivo-regular-en-Espa\u00f1ol-copia.jpg\",\"contentUrl\":\"https:\\\/\\\/progrespagnol.com\\\/fr\\\/wp-content\\\/uploads\\\/sites\\\/2\\\/Subjuntivo-regular-en-Espa\u00f1ol-copia.jpg\",\"width\":700,\"height\":393,\"caption\":\"Subjuntivo regular en Espa\u00f1ol\"},{\"@type\":\"BreadcrumbList\",\"@id\":\"https:\\\/\\\/progrespagnol.com\\\/fr\\\/blog\\\/subjuntivo-regular-en-espanol\\\/#breadcrumb\",\"itemListElement\":[{\"@type\":\"ListItem\",\"position\":1,\"name\":\"Portada\",\"item\":\"https:\\\/\\\/progrespagnol.com\\\/fr\\\/\"},{\"@type\":\"ListItem\",\"position\":2,\"name\":\"Subjuntivo regular en Espa\u00f1ol\"}]},{\"@type\":\"WebSite\",\"@id\":\"https:\\\/\\\/progrespagnol.com\\\/fr\\\/#website\",\"url\":\"https:\\\/\\\/progrespagnol.com\\\/fr\\\/\",\"name\":\"Progrespagnol\",\"description\":\"Espagnol pro et de voyages\",\"publisher\":{\"@id\":\"https:\\\/\\\/progrespagnol.com\\\/fr\\\/#organization\"},\"potentialAction\":[{\"@type\":\"SearchAction\",\"target\":{\"@type\":\"EntryPoint\",\"urlTemplate\":\"https:\\\/\\\/progrespagnol.com\\\/fr\\\/?s={search_term_string}\"},\"query-input\":{\"@type\":\"PropertyValueSpecification\",\"valueRequired\":true,\"valueName\":\"search_term_string\"}}],\"inLanguage\":\"fr-FR\"},{\"@type\":\"Organization\",\"@id\":\"https:\\\/\\\/progrespagnol.com\\\/fr\\\/#organization\",\"name\":\"Progrespagnol\",\"url\":\"https:\\\/\\\/progrespagnol.com\\\/fr\\\/\",\"logo\":{\"@type\":\"ImageObject\",\"inLanguage\":\"fr-FR\",\"@id\":\"https:\\\/\\\/progrespagnol.com\\\/fr\\\/#\\\/schema\\\/logo\\\/image\\\/\",\"url\":\"https:\\\/\\\/progrespagnol.com\\\/fr\\\/wp-content\\\/uploads\\\/sites\\\/2\\\/cropped-logo.png\",\"contentUrl\":\"https:\\\/\\\/progrespagnol.com\\\/fr\\\/wp-content\\\/uploads\\\/sites\\\/2\\\/cropped-logo.png\",\"width\":250,\"height\":56,\"caption\":\"Progrespagnol\"},\"image\":{\"@id\":\"https:\\\/\\\/progrespagnol.com\\\/fr\\\/#\\\/schema\\\/logo\\\/image\\\/\"}},{\"@type\":\"Person\",\"@id\":\"https:\\\/\\\/progrespagnol.com\\\/fr\\\/#\\\/schema\\\/person\\\/80d6fc52d0124e1399238ae29a2b16ec\",\"name\":\"JC\",\"image\":{\"@type\":\"ImageObject\",\"inLanguage\":\"fr-FR\",\"@id\":\"https:\\\/\\\/secure.gravatar.com\\\/avatar\\\/bd8c405e3bdd88951414ff66c90726a9dea283b0100cc306b441dff5624eace4?s=96&r=g\",\"url\":\"https:\\\/\\\/secure.gravatar.com\\\/avatar\\\/bd8c405e3bdd88951414ff66c90726a9dea283b0100cc306b441dff5624eace4?s=96&r=g\",\"contentUrl\":\"https:\\\/\\\/secure.gravatar.com\\\/avatar\\\/bd8c405e3bdd88951414ff66c90726a9dea283b0100cc306b441dff5624eace4?s=96&r=g\",\"caption\":\"JC\"},\"sameAs\":[\"https:\\\/\\\/www.instagram.com\\\/progrespagnol\\\/\"],\"url\":\"https:\\\/\\\/progrespagnol.com\\\/fr\\\/blog\\\/author\\\/63fe7be783\\\/\"}]}<\/script>\n<!-- \/ Yoast SEO plugin. -->","yoast_head_json":{"title":"Subjuntivo regular en Espa\u00f1ol - Progrespagnol","description":"Aprender el subjuntivo regular en espa\u00f1ol de forma f\u00e1cil y r\u00e1pida. Para hacer el subjuntivo solamente tienes que cambiar la vocal de los grupos en \"a\" por..","robots":{"index":"index","follow":"follow","max-snippet":"max-snippet:-1","max-image-preview":"max-image-preview:large","max-video-preview":"max-video-preview:-1"},"canonical":"https:\/\/progrespagnol.com\/fr\/blog\/subjuntivo-regular-en-espanol\/","og_locale":"fr_FR","og_type":"article","og_title":"Subjuntivo regular en Espa\u00f1ol - Progrespagnol","og_description":"Aprender el subjuntivo regular en espa\u00f1ol de forma f\u00e1cil y r\u00e1pida. Para hacer el subjuntivo solamente tienes que cambiar la vocal de los grupos en \"a\" por..","og_url":"https:\/\/progrespagnol.com\/fr\/blog\/subjuntivo-regular-en-espanol\/","og_site_name":"Progrespagnol","article_published_time":"2020-07-01T07:44:51+00:00","article_modified_time":"2020-07-16T07:35:31+00:00","og_image":[{"width":700,"height":393,"url":"https:\/\/progrespagnol.com\/fr\/wp-content\/uploads\/sites\/2\/Subjuntivo-regular-en-Espa\u00f1ol-copia.jpg","type":"image\/jpeg"}],"author":"JC","twitter_card":"summary_large_image","twitter_misc":{"\u00c9crit par":"JC","Dur\u00e9e de lecture estim\u00e9e":"1 minute"},"schema":{"@context":"https:\/\/schema.org","@graph":[{"@type":"Article","@id":"https:\/\/progrespagnol.com\/fr\/blog\/subjuntivo-regular-en-espanol\/#article","isPartOf":{"@id":"https:\/\/progrespagnol.com\/fr\/blog\/subjuntivo-regular-en-espanol\/"},"author":{"name":"JC","@id":"https:\/\/progrespagnol.com\/fr\/#\/schema\/person\/80d6fc52d0124e1399238ae29a2b16ec"},"headline":"Subjuntivo regular en Espa\u00f1ol","datePublished":"2020-07-01T07:44:51+00:00","dateModified":"2020-07-16T07:35:31+00:00","mainEntityOfPage":{"@id":"https:\/\/progrespagnol.com\/fr\/blog\/subjuntivo-regular-en-espanol\/"},"wordCount":304,"commentCount":0,"publisher":{"@id":"https:\/\/progrespagnol.com\/fr\/#organization"},"image":{"@id":"https:\/\/progrespagnol.com\/fr\/blog\/subjuntivo-regular-en-espanol\/#primaryimage"},"thumbnailUrl":"https:\/\/progrespagnol.com\/fr\/wp-content\/uploads\/sites\/2\/Subjuntivo-regular-en-Espa\u00f1ol-copia.jpg","keywords":["Blog"],"articleSection":["Gram\u00e1tica"],"inLanguage":"fr-FR","potentialAction":[{"@type":"CommentAction","name":"Comment","target":["https:\/\/progrespagnol.com\/fr\/blog\/subjuntivo-regular-en-espanol\/#respond"]}]},{"@type":"WebPage","@id":"https:\/\/progrespagnol.com\/fr\/blog\/subjuntivo-regular-en-espanol\/","url":"https:\/\/progrespagnol.com\/fr\/blog\/subjuntivo-regular-en-espanol\/","name":"Subjuntivo regular en Espa\u00f1ol - Progrespagnol","isPartOf":{"@id":"https:\/\/progrespagnol.com\/fr\/#website"},"primaryImageOfPage":{"@id":"https:\/\/progrespagnol.com\/fr\/blog\/subjuntivo-regular-en-espanol\/#primaryimage"},"image":{"@id":"https:\/\/progrespagnol.com\/fr\/blog\/subjuntivo-regular-en-espanol\/#primaryimage"},"thumbnailUrl":"https:\/\/progrespagnol.com\/fr\/wp-content\/uploads\/sites\/2\/Subjuntivo-regular-en-Espa\u00f1ol-copia.jpg","datePublished":"2020-07-01T07:44:51+00:00","dateModified":"2020-07-16T07:35:31+00:00","description":"Aprender el subjuntivo regular en espa\u00f1ol de forma f\u00e1cil y r\u00e1pida. Para hacer el subjuntivo solamente tienes que cambiar la vocal de los grupos en \"a\" por..","breadcrumb":{"@id":"https:\/\/progrespagnol.com\/fr\/blog\/subjuntivo-regular-en-espanol\/#breadcrumb"},"inLanguage":"fr-FR","potentialAction":[{"@type":"ReadAction","target":["https:\/\/progrespagnol.com\/fr\/blog\/subjuntivo-regular-en-espanol\/"]}]},{"@type":"ImageObject","inLanguage":"fr-FR","@id":"https:\/\/progrespagnol.com\/fr\/blog\/subjuntivo-regular-en-espanol\/#primaryimage","url":"https:\/\/progrespagnol.com\/fr\/wp-content\/uploads\/sites\/2\/Subjuntivo-regular-en-Espa\u00f1ol-copia.jpg","contentUrl":"https:\/\/progrespagnol.com\/fr\/wp-content\/uploads\/sites\/2\/Subjuntivo-regular-en-Espa\u00f1ol-copia.jpg","width":700,"height":393,"caption":"Subjuntivo regular en Espa\u00f1ol"},{"@type":"BreadcrumbList","@id":"https:\/\/progrespagnol.com\/fr\/blog\/subjuntivo-regular-en-espanol\/#breadcrumb","itemListElement":[{"@type":"ListItem","position":1,"name":"Portada","item":"https:\/\/progrespagnol.com\/fr\/"},{"@type":"ListItem","position":2,"name":"Subjuntivo regular en Espa\u00f1ol"}]},{"@type":"WebSite","@id":"https:\/\/progrespagnol.com\/fr\/#website","url":"https:\/\/progrespagnol.com\/fr\/","name":"Progrespagnol","description":"Espagnol pro et de voyages","publisher":{"@id":"https:\/\/progrespagnol.com\/fr\/#organization"},"potentialAction":[{"@type":"SearchAction","target":{"@type":"EntryPoint","urlTemplate":"https:\/\/progrespagnol.com\/fr\/?s={search_term_string}"},"query-input":{"@type":"PropertyValueSpecification","valueRequired":true,"valueName":"search_term_string"}}],"inLanguage":"fr-FR"},{"@type":"Organization","@id":"https:\/\/progrespagnol.com\/fr\/#organization","name":"Progrespagnol","url":"https:\/\/progrespagnol.com\/fr\/","logo":{"@type":"ImageObject","inLanguage":"fr-FR","@id":"https:\/\/progrespagnol.com\/fr\/#\/schema\/logo\/image\/","url":"https:\/\/progrespagnol.com\/fr\/wp-content\/uploads\/sites\/2\/cropped-logo.png","contentUrl":"https:\/\/progrespagnol.com\/fr\/wp-content\/uploads\/sites\/2\/cropped-logo.png","width":250,"height":56,"caption":"Progrespagnol"},"image":{"@id":"https:\/\/progrespagnol.com\/fr\/#\/schema\/logo\/image\/"}},{"@type":"Person","@id":"https:\/\/progrespagnol.com\/fr\/#\/schema\/person\/80d6fc52d0124e1399238ae29a2b16ec","name":"JC","image":{"@type":"ImageObject","inLanguage":"fr-FR","@id":"https:\/\/secure.gravatar.com\/avatar\/bd8c405e3bdd88951414ff66c90726a9dea283b0100cc306b441dff5624eace4?s=96&r=g","url":"https:\/\/secure.gravatar.com\/avatar\/bd8c405e3bdd88951414ff66c90726a9dea283b0100cc306b441dff5624eace4?s=96&r=g","contentUrl":"https:\/\/secure.gravatar.com\/avatar\/bd8c405e3bdd88951414ff66c90726a9dea283b0100cc306b441dff5624eace4?s=96&r=g","caption":"JC"},"sameAs":["https:\/\/www.instagram.com\/progrespagnol\/"],"url":"https:\/\/progrespagnol.com\/fr\/blog\/author\/63fe7be783\/"}]}},"uagb_featured_image_src":{"full":["https:\/\/progrespagnol.com\/fr\/wp-content\/uploads\/sites\/2\/Subjuntivo-regular-en-Espa\u00f1ol-copia.jpg",700,393,false],"thumbnail":["https:\/\/progrespagnol.com\/fr\/wp-content\/uploads\/sites\/2\/Subjuntivo-regular-en-Espa\u00f1ol-copia.jpg",128,72,false],"medium":["https:\/\/progrespagnol.com\/fr\/wp-content\/uploads\/sites\/2\/Subjuntivo-regular-en-Espa\u00f1ol-copia.jpg",700,393,false],"medium_large":["https:\/\/progrespagnol.com\/fr\/wp-content\/uploads\/sites\/2\/Subjuntivo-regular-en-Espa\u00f1ol-copia.jpg",700,393,false],"large":["https:\/\/progrespagnol.com\/fr\/wp-content\/uploads\/sites\/2\/Subjuntivo-regular-en-Espa\u00f1ol-copia.jpg",700,393,false],"1536x1536":["https:\/\/progrespagnol.com\/fr\/wp-content\/uploads\/sites\/2\/Subjuntivo-regular-en-Espa\u00f1ol-copia.jpg",700,393,false],"2048x2048":["https:\/\/progrespagnol.com\/fr\/wp-content\/uploads\/sites\/2\/Subjuntivo-regular-en-Espa\u00f1ol-copia.jpg",700,393,false]},"uagb_author_info":{"display_name":"JC","author_link":"https:\/\/progrespagnol.com\/fr\/blog\/author\/63fe7be783\/"},"uagb_comment_info":0,"uagb_excerpt":"El subjuntivo regular en espa\u00f1ol de forma f\u00e1cil S\u00ed, el subjuntivo (regular) en espa\u00f1ol es uno de esos temas que causa problemas a los estudiantes avanzados. Pero es m\u00e1s simple de lo que parece. Hoy comenzamos la revisi\u00f3n del subjuntivo en espa\u00f1ol con los verbos regulares. \u00a1Mira el video! https:\/\/www.youtube.com\/watch?v=4q7jiAaFtFM Explicaci\u00f3n Como te digo en\u2026","_links":{"self":[{"href":"https:\/\/progrespagnol.com\/fr\/wp-json\/wp\/v2\/posts\/699","targetHints":{"allow":["GET"]}}],"collection":[{"href":"https:\/\/progrespagnol.com\/fr\/wp-json\/wp\/v2\/posts"}],"about":[{"href":"https:\/\/progrespagnol.com\/fr\/wp-json\/wp\/v2\/types\/post"}],"author":[{"embeddable":true,"href":"https:\/\/progrespagnol.com\/fr\/wp-json\/wp\/v2\/users\/1"}],"replies":[{"embeddable":true,"href":"https:\/\/progrespagnol.com\/fr\/wp-json\/wp\/v2\/comments?post=699"}],"version-history":[{"count":0,"href":"https:\/\/progrespagnol.com\/fr\/wp-json\/wp\/v2\/posts\/699\/revisions"}],"wp:featuredmedia":[{"embeddable":true,"href":"https:\/\/progrespagnol.com\/fr\/wp-json\/wp\/v2\/media\/704"}],"wp:attachment":[{"href":"https:\/\/progrespagnol.com\/fr\/wp-json\/wp\/v2\/media?parent=699"}],"wp:term":[{"taxonomy":"category","embeddable":true,"href":"https:\/\/progrespagnol.com\/fr\/wp-json\/wp\/v2\/categories?post=699"},{"taxonomy":"post_tag","embeddable":true,"href":"https:\/\/progrespagnol.com\/fr\/wp-json\/wp\/v2\/tags?post=699"}],"curies":[{"name":"wp","href":"https:\/\/api.w.org\/{rel}","templated":true}]}}