{"id":784,"date":"2020-07-29T12:31:37","date_gmt":"2020-07-29T10:31:37","guid":{"rendered":"https:\/\/progrespagnol.com\/?p=784"},"modified":"2020-07-29T12:31:37","modified_gmt":"2020-07-29T10:31:37","slug":"usos-del-subjuntivo-en-espanol","status":"publish","type":"post","link":"https:\/\/progrespagnol.com\/fr\/blog\/usos-del-subjuntivo-en-espanol\/","title":{"rendered":"Usos del subjuntivo en espa\u00f1ol"},"content":{"rendered":"\t\t<div data-elementor-type=\"wp-post\" data-elementor-id=\"784\" class=\"elementor elementor-784\" data-elementor-post-type=\"post\">\n\t\t\t\t\t\t<section class=\"elementor-section elementor-top-section elementor-element elementor-element-c7b0f8b elementor-section-boxed elementor-section-height-default elementor-section-height-default\" data-id=\"c7b0f8b\" data-element_type=\"section\" data-e-type=\"section\">\n\t\t\t\t\t\t<div class=\"elementor-container elementor-column-gap-default\">\n\t\t\t\t\t<div class=\"elementor-column elementor-col-100 elementor-top-column elementor-element elementor-element-4e346e8\" data-id=\"4e346e8\" data-element_type=\"column\" data-e-type=\"column\">\n\t\t\t<div class=\"elementor-widget-wrap elementor-element-populated\">\n\t\t\t\t\t\t<div class=\"elementor-element elementor-element-0080891 elementor-widget elementor-widget-heading\" data-id=\"0080891\" data-element_type=\"widget\" data-e-type=\"widget\" data-widget_type=\"heading.default\">\n\t\t\t\t<div class=\"elementor-widget-container\">\n\t\t\t\t\t<h2 class=\"elementor-heading-title elementor-size-default\">\u00bfSe usa mucho el subjuntivo en espa\u00f1ol?<\/h2>\t\t\t\t<\/div>\n\t\t\t\t<\/div>\n\t\t\t\t\t<\/div>\n\t\t<\/div>\n\t\t\t\t\t<\/div>\n\t\t<\/section>\n\t\t\t\t<section class=\"elementor-section elementor-top-section elementor-element elementor-element-f219197 elementor-section-boxed elementor-section-height-default elementor-section-height-default\" data-id=\"f219197\" data-element_type=\"section\" data-e-type=\"section\">\n\t\t\t\t\t\t<div class=\"elementor-container elementor-column-gap-default\">\n\t\t\t\t\t<div class=\"elementor-column elementor-col-100 elementor-top-column elementor-element elementor-element-aebf8eb\" data-id=\"aebf8eb\" data-element_type=\"column\" data-e-type=\"column\">\n\t\t\t<div class=\"elementor-widget-wrap elementor-element-populated\">\n\t\t\t\t\t\t<div class=\"elementor-element elementor-element-5f75d80 elementor-widget elementor-widget-text-editor\" data-id=\"5f75d80\" data-element_type=\"widget\" data-e-type=\"widget\" data-widget_type=\"text-editor.default\">\n\t\t\t\t<div class=\"elementor-widget-container\">\n\t\t\t\t\t\t\t\t\t<p>Seguramente te haces esta pregunta&#8230;y seguramente quieres conocer cuantos usos del subjuntivo en espa\u00f1ol existen. \ud83e\udd14<\/p><p>Para tu primera duda, tengo que decir que s\u00ed, <strong>en espa\u00f1ol usamos el subjuntivo con bastante frecuencia.<\/strong> \ud83d\ude42<\/p><p>Para la segunda, tengo que decir que <strong>hay bastantes usos<\/strong>, \ud83d\ude31 pero \u00a1no te preocupes! \ud83d\ude0e<\/p><p>Hoy <strong>vamos a hablar de los usos m\u00e1s comunes del subjuntivo en espa\u00f1ol para que puedas hablar como un nativo en la mayor\u00eda de las situaciones<\/strong> (vas a ver que en muchos casos es como en franc\u00e9s).<\/p><p>\u00a1Vamos all\u00e1 con el video! \ud83d\udc47<\/p>\t\t\t\t\t\t\t\t<\/div>\n\t\t\t\t<\/div>\n\t\t\t\t\t<\/div>\n\t\t<\/div>\n\t\t\t\t\t<\/div>\n\t\t<\/section>\n\t\t\t\t<section class=\"elementor-section elementor-top-section elementor-element elementor-element-65b2f8b elementor-section-boxed elementor-section-height-default elementor-section-height-default\" data-id=\"65b2f8b\" data-element_type=\"section\" data-e-type=\"section\">\n\t\t\t\t\t\t<div class=\"elementor-container elementor-column-gap-default\">\n\t\t\t\t\t<div class=\"elementor-column elementor-col-100 elementor-top-column elementor-element elementor-element-4f5320f\" data-id=\"4f5320f\" data-element_type=\"column\" data-e-type=\"column\">\n\t\t\t<div class=\"elementor-widget-wrap elementor-element-populated\">\n\t\t\t\t\t\t<div class=\"elementor-element elementor-element-dd9713e elementor-widget elementor-widget-video\" data-id=\"dd9713e\" data-element_type=\"widget\" data-e-type=\"widget\" data-settings=\"{&quot;youtube_url&quot;:&quot;https:\\\/\\\/www.youtube.com\\\/watch?v=FxTfCkq2SPw&quot;,&quot;mute&quot;:&quot;yes&quot;,&quot;video_type&quot;:&quot;youtube&quot;,&quot;controls&quot;:&quot;yes&quot;}\" data-widget_type=\"video.default\">\n\t\t\t\t<div class=\"elementor-widget-container\">\n\t\t\t\t\t\t\t<div class=\"elementor-wrapper elementor-open-inline\">\n\t\t\t<div class=\"elementor-video\"><\/div>\t\t<\/div>\n\t\t\t\t\t\t<\/div>\n\t\t\t\t<\/div>\n\t\t\t\t\t<\/div>\n\t\t<\/div>\n\t\t\t\t\t<\/div>\n\t\t<\/section>\n\t\t\t\t<section class=\"elementor-section elementor-top-section elementor-element elementor-element-a640106 elementor-section-boxed elementor-section-height-default elementor-section-height-default\" data-id=\"a640106\" data-element_type=\"section\" data-e-type=\"section\">\n\t\t\t\t\t\t<div class=\"elementor-container elementor-column-gap-default\">\n\t\t\t\t\t<div class=\"elementor-column elementor-col-100 elementor-top-column elementor-element elementor-element-966c99d\" data-id=\"966c99d\" data-element_type=\"column\" data-e-type=\"column\">\n\t\t\t<div class=\"elementor-widget-wrap elementor-element-populated\">\n\t\t\t\t\t\t<div class=\"elementor-element elementor-element-8270ef6 elementor-widget elementor-widget-heading\" data-id=\"8270ef6\" data-element_type=\"widget\" data-e-type=\"widget\" data-widget_type=\"heading.default\">\n\t\t\t\t<div class=\"elementor-widget-container\">\n\t\t\t\t\t<h2 class=\"elementor-heading-title elementor-size-default\">Explicaci\u00f3n<\/h2>\t\t\t\t<\/div>\n\t\t\t\t<\/div>\n\t\t\t\t\t<\/div>\n\t\t<\/div>\n\t\t\t\t\t<\/div>\n\t\t<\/section>\n\t\t\t\t<section class=\"elementor-section elementor-top-section elementor-element elementor-element-3a9ddc5 elementor-section-boxed elementor-section-height-default elementor-section-height-default\" data-id=\"3a9ddc5\" data-element_type=\"section\" data-e-type=\"section\">\n\t\t\t\t\t\t<div class=\"elementor-container elementor-column-gap-default\">\n\t\t\t\t\t<div class=\"elementor-column elementor-col-100 elementor-top-column elementor-element elementor-element-fc389a8\" data-id=\"fc389a8\" data-element_type=\"column\" data-e-type=\"column\">\n\t\t\t<div class=\"elementor-widget-wrap elementor-element-populated\">\n\t\t\t\t\t\t<div class=\"elementor-element elementor-element-16188da elementor-widget elementor-widget-text-editor\" data-id=\"16188da\" data-element_type=\"widget\" data-e-type=\"widget\" data-widget_type=\"text-editor.default\">\n\t\t\t\t<div class=\"elementor-widget-container\">\n\t\t\t\t\t\t\t\t\t<p>Como te comento en el video, los usos m\u00e1s comunes del subjuntivo son:\u00a0<\/p><ul><li><strong>Para una suposici\u00f3n negativa con los verbos:<\/strong> <em style=\"font-size: 1.4rem;\">no + creer\/pensar\/parecer\/considerar + que<\/em><\/li><\/ul><p><em>Ejemplo:<\/em><\/p><p><em>No creo que<\/em> haga buen tiempo (pero en afirmativo usamos el indicativo \u00ab\u00a0creo que hace buen tiempo\u00a0\u00bb).<\/p><p>\u00a0<\/p><ul><li><strong>Con verbos de sentimientos, deseos, preferencias + que:<\/strong><\/li><\/ul><p><em>Ejemplo:<\/em><\/p><p><em>Quiero que vengas a mi cumplea\u00f1os.<\/em><\/p><p>\u00a0<\/p><ul><li><strong>Con verbos de orden o sugerencia + que:<\/strong> <em style=\"font-size: 1.4rem;\">ordenar, exigir, sugerir, recomendar, etc.<\/em><\/li><\/ul><p><em>Ejemplo:<\/em><\/p><p>Te recomiendo que llames al doctor temprano.\u00a0<\/p><p>\u00a0<\/p><ul><li><strong>Con la estructura es + adj\/adv. + que:<\/strong><\/li><\/ul><p><em>Ejemplo:<\/em><\/p><p>Es muy agradable que vayamos al campo durante las vacaciones.\u00a0\u00a0<\/p><p>\u00a0<\/p><ul><li><strong>Para indicar una probabilidad presente o futura, con adverbios como: <\/strong><em style=\"font-size: 1.4rem;\">quiz\u00e1(s), tal vez, probablemente, posiblemente, ojal\u00e1 \u2026<\/em><\/li><\/ul><p><em>Ejemplo:<\/em><\/p><p><i>Probablemente\u00a0<\/i>vayamos a M\u00e1laga durante las vacaciones.<\/p><p>\u00a0<\/p><ul><li><strong>Despu\u00e9s de palabras como <\/strong><em>cuando (idea de futuro), antes de que, despu\u00e9s de que, para que, hasta que<\/em><strong>:<\/strong><\/li><\/ul><p><em>Ejemplo:<\/em><\/p><p><em>Cuando sea grande, ser\u00e9 m\u00e9dico.<\/em><\/p>\t\t\t\t\t\t\t\t<\/div>\n\t\t\t\t<\/div>\n\t\t\t\t\t<\/div>\n\t\t<\/div>\n\t\t\t\t\t<\/div>\n\t\t<\/section>\n\t\t\t\t<section class=\"elementor-section elementor-top-section elementor-element elementor-element-94d5112 elementor-section-boxed elementor-section-height-default elementor-section-height-default\" data-id=\"94d5112\" data-element_type=\"section\" data-e-type=\"section\">\n\t\t\t\t\t\t<div class=\"elementor-container elementor-column-gap-default\">\n\t\t\t\t\t<div class=\"elementor-column elementor-col-100 elementor-top-column elementor-element elementor-element-47cebf7\" data-id=\"47cebf7\" data-element_type=\"column\" data-e-type=\"column\">\n\t\t\t<div class=\"elementor-widget-wrap elementor-element-populated\">\n\t\t\t\t\t\t<div class=\"elementor-element elementor-element-a63580e elementor-widget elementor-widget-heading\" data-id=\"a63580e\" data-element_type=\"widget\" data-e-type=\"widget\" data-widget_type=\"heading.default\">\n\t\t\t\t<div class=\"elementor-widget-container\">\n\t\t\t\t\t<h2 class=\"elementor-heading-title elementor-size-default\">Para ir m\u00e1s lejos<\/h2>\t\t\t\t<\/div>\n\t\t\t\t<\/div>\n\t\t\t\t\t<\/div>\n\t\t<\/div>\n\t\t\t\t\t<\/div>\n\t\t<\/section>\n\t\t\t\t<section class=\"elementor-section elementor-top-section elementor-element elementor-element-cbef805 elementor-section-boxed elementor-section-height-default elementor-section-height-default\" data-id=\"cbef805\" data-element_type=\"section\" data-e-type=\"section\">\n\t\t\t\t\t\t<div class=\"elementor-container elementor-column-gap-default\">\n\t\t\t\t\t<div class=\"elementor-column elementor-col-100 elementor-top-column elementor-element elementor-element-73ad163\" data-id=\"73ad163\" data-element_type=\"column\" data-e-type=\"column\">\n\t\t\t<div class=\"elementor-widget-wrap elementor-element-populated\">\n\t\t\t\t\t\t<div class=\"elementor-element elementor-element-f95fd28 elementor-widget elementor-widget-text-editor\" data-id=\"f95fd28\" data-element_type=\"widget\" data-e-type=\"widget\" data-widget_type=\"text-editor.default\">\n\t\t\t\t<div class=\"elementor-widget-container\">\n\t\t\t\t\t\t\t\t\t<p><strong>Haz una frase en los comentarios con la estructura \u00ab\u00a0quiero que\u00a0\u00bb.<\/strong> \u00a1La voy a corregir! \ud83d\ude09<\/p><p>\u00bfQuieres estar en contacto y formar parte de la comunidad de\u00a0<strong>Progrespagnol<\/strong>?\u00a0<\/p><p>\u00a1Entonces suscr\u00edbete a la Newsletter dando clic a la imagen!<\/p><p>(Y tambi\u00e9n recibir\u00e1s la gu\u00eda de <strong>50 Falsos Amigos entre el Franc\u00e9s y el Espa\u00f1ol<\/strong><strong> gratuitamente por tiempo limitado \ud83d\ude03<\/strong>).<\/p>\t\t\t\t\t\t\t\t<\/div>\n\t\t\t\t<\/div>\n\t\t\t\t\t<\/div>\n\t\t<\/div>\n\t\t\t\t\t<\/div>\n\t\t<\/section>\n\t\t\t\t<section class=\"elementor-section elementor-top-section elementor-element elementor-element-55bb22b elementor-section-boxed elementor-section-height-default elementor-section-height-default\" data-id=\"55bb22b\" data-element_type=\"section\" data-e-type=\"section\">\n\t\t\t\t\t\t<div class=\"elementor-container elementor-column-gap-default\">\n\t\t\t\t\t<div class=\"elementor-column elementor-col-100 elementor-top-column elementor-element elementor-element-9cd2dfc\" data-id=\"9cd2dfc\" data-element_type=\"column\" data-e-type=\"column\">\n\t\t\t<div class=\"elementor-widget-wrap elementor-element-populated\">\n\t\t\t\t\t\t<div class=\"elementor-element elementor-element-a2d7e0d elementor-widget elementor-widget-image\" data-id=\"a2d7e0d\" data-element_type=\"widget\" data-e-type=\"widget\" data-widget_type=\"image.default\">\n\t\t\t\t<div class=\"elementor-widget-container\">\n\t\t\t\t\t\t\t\t\t\t\t\t\t\t\t\t<a href=\"https:\/\/mailchi.mp\/e822d530a210\/newsletterprogrespagnol\">\n\t\t\t\t\t\t\t<img fetchpriority=\"high\" decoding=\"async\" width=\"280\" height=\"420\" src=\"https:\/\/progrespagnol.com\/fr\/wp-content\/uploads\/sites\/2\/Imagen-Newsletter.jpg\" class=\"attachment-large size-large wp-image-458\" alt=\"Newsletter\" \/>\t\t\t\t\t\t\t\t<\/a>\n\t\t\t\t\t\t\t\t\t\t\t\t\t\t\t<\/div>\n\t\t\t\t<\/div>\n\t\t\t\t\t<\/div>\n\t\t<\/div>\n\t\t\t\t\t<\/div>\n\t\t<\/section>\n\t\t\t\t<\/div>\n\t\t","protected":false},"excerpt":{"rendered":"<p>\u00bfSe usa mucho el subjuntivo en espa\u00f1ol? Seguramente te haces esta pregunta&#8230;y seguramente quieres conocer cuantos usos del subjuntivo en espa\u00f1ol existen. ? Para tu primera duda, tengo que decir que s\u00ed, en espa\u00f1ol usamos el subjuntivo con bastante frecuencia. ? Para la segunda, tengo que decir que hay bastantes usos, ? pero \u00a1no te [&hellip;]<\/p>\n","protected":false},"author":1,"featured_media":785,"comment_status":"open","ping_status":"closed","sticky":false,"template":"","format":"standard","meta":{"_uag_custom_page_level_css":"","_editorskit_title_hidden":false,"_editorskit_reading_time":0,"_editorskit_is_block_options_detached":false,"_editorskit_block_options_position":"{}","_monsterinsights_skip_tracking":false,"_monsterinsights_sitenote_active":false,"_monsterinsights_sitenote_note":"","_monsterinsights_sitenote_category":0,"_breakdance_hide_in_design_set":false,"_breakdance_tags":"","footnotes":""},"categories":[5],"tags":[9],"class_list":["post-784","post","type-post","status-publish","format-standard","has-post-thumbnail","hentry","category-gramatica","tag-blog"],"yoast_head":"<!-- This site is optimized with the Yoast SEO plugin v27.9 - https:\/\/yoast.com\/product\/yoast-seo-wordpress\/ -->\n<title>Usos del subjuntivo en espa\u00f1ol - Progrespagnol<\/title>\n<meta name=\"description\" content=\"Aprende los usos del subjuntivo en espa\u00f1ol m\u00e1s comunes para que puedas hablar con los nativos como un local m\u00e1s. \u00bflos conoces?\" \/>\n<meta name=\"robots\" content=\"index, follow, max-snippet:-1, max-image-preview:large, max-video-preview:-1\" \/>\n<link rel=\"canonical\" href=\"https:\/\/progrespagnol.com\/fr\/blog\/usos-del-subjuntivo-en-espanol\/\" \/>\n<meta property=\"og:locale\" content=\"fr_FR\" \/>\n<meta property=\"og:type\" content=\"article\" \/>\n<meta property=\"og:title\" content=\"Usos del subjuntivo en espa\u00f1ol - Progrespagnol\" \/>\n<meta property=\"og:description\" content=\"Aprende los usos del subjuntivo en espa\u00f1ol m\u00e1s comunes para que puedas hablar con los nativos como un local m\u00e1s. \u00bflos conoces?\" \/>\n<meta property=\"og:url\" content=\"https:\/\/progrespagnol.com\/fr\/blog\/usos-del-subjuntivo-en-espanol\/\" \/>\n<meta property=\"og:site_name\" content=\"Progrespagnol\" \/>\n<meta property=\"article:published_time\" content=\"2020-07-29T10:31:37+00:00\" \/>\n<meta property=\"og:image\" content=\"https:\/\/progrespagnol.com\/fr\/wp-content\/uploads\/sites\/2\/Usos-de-Subjuntivo-en-Espa\u00f1ol-copia.jpg\" \/>\n\t<meta property=\"og:image:width\" content=\"700\" \/>\n\t<meta property=\"og:image:height\" content=\"393\" \/>\n\t<meta property=\"og:image:type\" content=\"image\/jpeg\" \/>\n<meta name=\"author\" content=\"JC\" \/>\n<meta name=\"twitter:card\" content=\"summary_large_image\" \/>\n<meta name=\"twitter:label1\" content=\"\u00c9crit par\" \/>\n\t<meta name=\"twitter:data1\" content=\"JC\" \/>\n\t<meta name=\"twitter:label2\" content=\"Dur\u00e9e de lecture estim\u00e9e\" \/>\n\t<meta name=\"twitter:data2\" content=\"2 minutes\" \/>\n<script type=\"application\/ld+json\" class=\"yoast-schema-graph\">{\"@context\":\"https:\\\/\\\/schema.org\",\"@graph\":[{\"@type\":\"Article\",\"@id\":\"https:\\\/\\\/progrespagnol.com\\\/fr\\\/blog\\\/usos-del-subjuntivo-en-espanol\\\/#article\",\"isPartOf\":{\"@id\":\"https:\\\/\\\/progrespagnol.com\\\/fr\\\/blog\\\/usos-del-subjuntivo-en-espanol\\\/\"},\"author\":{\"name\":\"JC\",\"@id\":\"https:\\\/\\\/progrespagnol.com\\\/fr\\\/#\\\/schema\\\/person\\\/80d6fc52d0124e1399238ae29a2b16ec\"},\"headline\":\"Usos del subjuntivo en espa\u00f1ol\",\"datePublished\":\"2020-07-29T10:31:37+00:00\",\"mainEntityOfPage\":{\"@id\":\"https:\\\/\\\/progrespagnol.com\\\/fr\\\/blog\\\/usos-del-subjuntivo-en-espanol\\\/\"},\"wordCount\":344,\"commentCount\":6,\"publisher\":{\"@id\":\"https:\\\/\\\/progrespagnol.com\\\/fr\\\/#organization\"},\"image\":{\"@id\":\"https:\\\/\\\/progrespagnol.com\\\/fr\\\/blog\\\/usos-del-subjuntivo-en-espanol\\\/#primaryimage\"},\"thumbnailUrl\":\"https:\\\/\\\/progrespagnol.com\\\/fr\\\/wp-content\\\/uploads\\\/sites\\\/2\\\/Usos-de-Subjuntivo-en-Espa\u00f1ol-copia.jpg\",\"keywords\":[\"Blog\"],\"articleSection\":[\"Gram\u00e1tica\"],\"inLanguage\":\"fr-FR\",\"potentialAction\":[{\"@type\":\"CommentAction\",\"name\":\"Comment\",\"target\":[\"https:\\\/\\\/progrespagnol.com\\\/fr\\\/blog\\\/usos-del-subjuntivo-en-espanol\\\/#respond\"]}]},{\"@type\":\"WebPage\",\"@id\":\"https:\\\/\\\/progrespagnol.com\\\/fr\\\/blog\\\/usos-del-subjuntivo-en-espanol\\\/\",\"url\":\"https:\\\/\\\/progrespagnol.com\\\/fr\\\/blog\\\/usos-del-subjuntivo-en-espanol\\\/\",\"name\":\"Usos del subjuntivo en espa\u00f1ol - Progrespagnol\",\"isPartOf\":{\"@id\":\"https:\\\/\\\/progrespagnol.com\\\/fr\\\/#website\"},\"primaryImageOfPage\":{\"@id\":\"https:\\\/\\\/progrespagnol.com\\\/fr\\\/blog\\\/usos-del-subjuntivo-en-espanol\\\/#primaryimage\"},\"image\":{\"@id\":\"https:\\\/\\\/progrespagnol.com\\\/fr\\\/blog\\\/usos-del-subjuntivo-en-espanol\\\/#primaryimage\"},\"thumbnailUrl\":\"https:\\\/\\\/progrespagnol.com\\\/fr\\\/wp-content\\\/uploads\\\/sites\\\/2\\\/Usos-de-Subjuntivo-en-Espa\u00f1ol-copia.jpg\",\"datePublished\":\"2020-07-29T10:31:37+00:00\",\"description\":\"Aprende los usos del subjuntivo en espa\u00f1ol m\u00e1s comunes para que puedas hablar con los nativos como un local m\u00e1s. \u00bflos conoces?\",\"breadcrumb\":{\"@id\":\"https:\\\/\\\/progrespagnol.com\\\/fr\\\/blog\\\/usos-del-subjuntivo-en-espanol\\\/#breadcrumb\"},\"inLanguage\":\"fr-FR\",\"potentialAction\":[{\"@type\":\"ReadAction\",\"target\":[\"https:\\\/\\\/progrespagnol.com\\\/fr\\\/blog\\\/usos-del-subjuntivo-en-espanol\\\/\"]}]},{\"@type\":\"ImageObject\",\"inLanguage\":\"fr-FR\",\"@id\":\"https:\\\/\\\/progrespagnol.com\\\/fr\\\/blog\\\/usos-del-subjuntivo-en-espanol\\\/#primaryimage\",\"url\":\"https:\\\/\\\/progrespagnol.com\\\/fr\\\/wp-content\\\/uploads\\\/sites\\\/2\\\/Usos-de-Subjuntivo-en-Espa\u00f1ol-copia.jpg\",\"contentUrl\":\"https:\\\/\\\/progrespagnol.com\\\/fr\\\/wp-content\\\/uploads\\\/sites\\\/2\\\/Usos-de-Subjuntivo-en-Espa\u00f1ol-copia.jpg\",\"width\":700,\"height\":393,\"caption\":\"Usos de Subjuntivo en Espa\u00f1ol\"},{\"@type\":\"BreadcrumbList\",\"@id\":\"https:\\\/\\\/progrespagnol.com\\\/fr\\\/blog\\\/usos-del-subjuntivo-en-espanol\\\/#breadcrumb\",\"itemListElement\":[{\"@type\":\"ListItem\",\"position\":1,\"name\":\"Portada\",\"item\":\"https:\\\/\\\/progrespagnol.com\\\/fr\\\/\"},{\"@type\":\"ListItem\",\"position\":2,\"name\":\"Usos del subjuntivo en espa\u00f1ol\"}]},{\"@type\":\"WebSite\",\"@id\":\"https:\\\/\\\/progrespagnol.com\\\/fr\\\/#website\",\"url\":\"https:\\\/\\\/progrespagnol.com\\\/fr\\\/\",\"name\":\"Progrespagnol\",\"description\":\"Espagnol pro et de voyages\",\"publisher\":{\"@id\":\"https:\\\/\\\/progrespagnol.com\\\/fr\\\/#organization\"},\"potentialAction\":[{\"@type\":\"SearchAction\",\"target\":{\"@type\":\"EntryPoint\",\"urlTemplate\":\"https:\\\/\\\/progrespagnol.com\\\/fr\\\/?s={search_term_string}\"},\"query-input\":{\"@type\":\"PropertyValueSpecification\",\"valueRequired\":true,\"valueName\":\"search_term_string\"}}],\"inLanguage\":\"fr-FR\"},{\"@type\":\"Organization\",\"@id\":\"https:\\\/\\\/progrespagnol.com\\\/fr\\\/#organization\",\"name\":\"Progrespagnol\",\"url\":\"https:\\\/\\\/progrespagnol.com\\\/fr\\\/\",\"logo\":{\"@type\":\"ImageObject\",\"inLanguage\":\"fr-FR\",\"@id\":\"https:\\\/\\\/progrespagnol.com\\\/fr\\\/#\\\/schema\\\/logo\\\/image\\\/\",\"url\":\"https:\\\/\\\/progrespagnol.com\\\/fr\\\/wp-content\\\/uploads\\\/sites\\\/2\\\/cropped-logo.png\",\"contentUrl\":\"https:\\\/\\\/progrespagnol.com\\\/fr\\\/wp-content\\\/uploads\\\/sites\\\/2\\\/cropped-logo.png\",\"width\":250,\"height\":56,\"caption\":\"Progrespagnol\"},\"image\":{\"@id\":\"https:\\\/\\\/progrespagnol.com\\\/fr\\\/#\\\/schema\\\/logo\\\/image\\\/\"}},{\"@type\":\"Person\",\"@id\":\"https:\\\/\\\/progrespagnol.com\\\/fr\\\/#\\\/schema\\\/person\\\/80d6fc52d0124e1399238ae29a2b16ec\",\"name\":\"JC\",\"image\":{\"@type\":\"ImageObject\",\"inLanguage\":\"fr-FR\",\"@id\":\"https:\\\/\\\/secure.gravatar.com\\\/avatar\\\/bd8c405e3bdd88951414ff66c90726a9dea283b0100cc306b441dff5624eace4?s=96&r=g\",\"url\":\"https:\\\/\\\/secure.gravatar.com\\\/avatar\\\/bd8c405e3bdd88951414ff66c90726a9dea283b0100cc306b441dff5624eace4?s=96&r=g\",\"contentUrl\":\"https:\\\/\\\/secure.gravatar.com\\\/avatar\\\/bd8c405e3bdd88951414ff66c90726a9dea283b0100cc306b441dff5624eace4?s=96&r=g\",\"caption\":\"JC\"},\"sameAs\":[\"https:\\\/\\\/www.instagram.com\\\/progrespagnol\\\/\"],\"url\":\"https:\\\/\\\/progrespagnol.com\\\/fr\\\/blog\\\/author\\\/63fe7be783\\\/\"}]}<\/script>\n<!-- \/ Yoast SEO plugin. -->","yoast_head_json":{"title":"Usos del subjuntivo en espa\u00f1ol - Progrespagnol","description":"Aprende los usos del subjuntivo en espa\u00f1ol m\u00e1s comunes para que puedas hablar con los nativos como un local m\u00e1s. \u00bflos conoces?","robots":{"index":"index","follow":"follow","max-snippet":"max-snippet:-1","max-image-preview":"max-image-preview:large","max-video-preview":"max-video-preview:-1"},"canonical":"https:\/\/progrespagnol.com\/fr\/blog\/usos-del-subjuntivo-en-espanol\/","og_locale":"fr_FR","og_type":"article","og_title":"Usos del subjuntivo en espa\u00f1ol - Progrespagnol","og_description":"Aprende los usos del subjuntivo en espa\u00f1ol m\u00e1s comunes para que puedas hablar con los nativos como un local m\u00e1s. \u00bflos conoces?","og_url":"https:\/\/progrespagnol.com\/fr\/blog\/usos-del-subjuntivo-en-espanol\/","og_site_name":"Progrespagnol","article_published_time":"2020-07-29T10:31:37+00:00","og_image":[{"width":700,"height":393,"url":"https:\/\/progrespagnol.com\/fr\/wp-content\/uploads\/sites\/2\/Usos-de-Subjuntivo-en-Espa\u00f1ol-copia.jpg","type":"image\/jpeg"}],"author":"JC","twitter_card":"summary_large_image","twitter_misc":{"\u00c9crit par":"JC","Dur\u00e9e de lecture estim\u00e9e":"2 minutes"},"schema":{"@context":"https:\/\/schema.org","@graph":[{"@type":"Article","@id":"https:\/\/progrespagnol.com\/fr\/blog\/usos-del-subjuntivo-en-espanol\/#article","isPartOf":{"@id":"https:\/\/progrespagnol.com\/fr\/blog\/usos-del-subjuntivo-en-espanol\/"},"author":{"name":"JC","@id":"https:\/\/progrespagnol.com\/fr\/#\/schema\/person\/80d6fc52d0124e1399238ae29a2b16ec"},"headline":"Usos del subjuntivo en espa\u00f1ol","datePublished":"2020-07-29T10:31:37+00:00","mainEntityOfPage":{"@id":"https:\/\/progrespagnol.com\/fr\/blog\/usos-del-subjuntivo-en-espanol\/"},"wordCount":344,"commentCount":6,"publisher":{"@id":"https:\/\/progrespagnol.com\/fr\/#organization"},"image":{"@id":"https:\/\/progrespagnol.com\/fr\/blog\/usos-del-subjuntivo-en-espanol\/#primaryimage"},"thumbnailUrl":"https:\/\/progrespagnol.com\/fr\/wp-content\/uploads\/sites\/2\/Usos-de-Subjuntivo-en-Espa\u00f1ol-copia.jpg","keywords":["Blog"],"articleSection":["Gram\u00e1tica"],"inLanguage":"fr-FR","potentialAction":[{"@type":"CommentAction","name":"Comment","target":["https:\/\/progrespagnol.com\/fr\/blog\/usos-del-subjuntivo-en-espanol\/#respond"]}]},{"@type":"WebPage","@id":"https:\/\/progrespagnol.com\/fr\/blog\/usos-del-subjuntivo-en-espanol\/","url":"https:\/\/progrespagnol.com\/fr\/blog\/usos-del-subjuntivo-en-espanol\/","name":"Usos del subjuntivo en espa\u00f1ol - Progrespagnol","isPartOf":{"@id":"https:\/\/progrespagnol.com\/fr\/#website"},"primaryImageOfPage":{"@id":"https:\/\/progrespagnol.com\/fr\/blog\/usos-del-subjuntivo-en-espanol\/#primaryimage"},"image":{"@id":"https:\/\/progrespagnol.com\/fr\/blog\/usos-del-subjuntivo-en-espanol\/#primaryimage"},"thumbnailUrl":"https:\/\/progrespagnol.com\/fr\/wp-content\/uploads\/sites\/2\/Usos-de-Subjuntivo-en-Espa\u00f1ol-copia.jpg","datePublished":"2020-07-29T10:31:37+00:00","description":"Aprende los usos del subjuntivo en espa\u00f1ol m\u00e1s comunes para que puedas hablar con los nativos como un local m\u00e1s. \u00bflos conoces?","breadcrumb":{"@id":"https:\/\/progrespagnol.com\/fr\/blog\/usos-del-subjuntivo-en-espanol\/#breadcrumb"},"inLanguage":"fr-FR","potentialAction":[{"@type":"ReadAction","target":["https:\/\/progrespagnol.com\/fr\/blog\/usos-del-subjuntivo-en-espanol\/"]}]},{"@type":"ImageObject","inLanguage":"fr-FR","@id":"https:\/\/progrespagnol.com\/fr\/blog\/usos-del-subjuntivo-en-espanol\/#primaryimage","url":"https:\/\/progrespagnol.com\/fr\/wp-content\/uploads\/sites\/2\/Usos-de-Subjuntivo-en-Espa\u00f1ol-copia.jpg","contentUrl":"https:\/\/progrespagnol.com\/fr\/wp-content\/uploads\/sites\/2\/Usos-de-Subjuntivo-en-Espa\u00f1ol-copia.jpg","width":700,"height":393,"caption":"Usos de Subjuntivo en Espa\u00f1ol"},{"@type":"BreadcrumbList","@id":"https:\/\/progrespagnol.com\/fr\/blog\/usos-del-subjuntivo-en-espanol\/#breadcrumb","itemListElement":[{"@type":"ListItem","position":1,"name":"Portada","item":"https:\/\/progrespagnol.com\/fr\/"},{"@type":"ListItem","position":2,"name":"Usos del subjuntivo en espa\u00f1ol"}]},{"@type":"WebSite","@id":"https:\/\/progrespagnol.com\/fr\/#website","url":"https:\/\/progrespagnol.com\/fr\/","name":"Progrespagnol","description":"Espagnol pro et de voyages","publisher":{"@id":"https:\/\/progrespagnol.com\/fr\/#organization"},"potentialAction":[{"@type":"SearchAction","target":{"@type":"EntryPoint","urlTemplate":"https:\/\/progrespagnol.com\/fr\/?s={search_term_string}"},"query-input":{"@type":"PropertyValueSpecification","valueRequired":true,"valueName":"search_term_string"}}],"inLanguage":"fr-FR"},{"@type":"Organization","@id":"https:\/\/progrespagnol.com\/fr\/#organization","name":"Progrespagnol","url":"https:\/\/progrespagnol.com\/fr\/","logo":{"@type":"ImageObject","inLanguage":"fr-FR","@id":"https:\/\/progrespagnol.com\/fr\/#\/schema\/logo\/image\/","url":"https:\/\/progrespagnol.com\/fr\/wp-content\/uploads\/sites\/2\/cropped-logo.png","contentUrl":"https:\/\/progrespagnol.com\/fr\/wp-content\/uploads\/sites\/2\/cropped-logo.png","width":250,"height":56,"caption":"Progrespagnol"},"image":{"@id":"https:\/\/progrespagnol.com\/fr\/#\/schema\/logo\/image\/"}},{"@type":"Person","@id":"https:\/\/progrespagnol.com\/fr\/#\/schema\/person\/80d6fc52d0124e1399238ae29a2b16ec","name":"JC","image":{"@type":"ImageObject","inLanguage":"fr-FR","@id":"https:\/\/secure.gravatar.com\/avatar\/bd8c405e3bdd88951414ff66c90726a9dea283b0100cc306b441dff5624eace4?s=96&r=g","url":"https:\/\/secure.gravatar.com\/avatar\/bd8c405e3bdd88951414ff66c90726a9dea283b0100cc306b441dff5624eace4?s=96&r=g","contentUrl":"https:\/\/secure.gravatar.com\/avatar\/bd8c405e3bdd88951414ff66c90726a9dea283b0100cc306b441dff5624eace4?s=96&r=g","caption":"JC"},"sameAs":["https:\/\/www.instagram.com\/progrespagnol\/"],"url":"https:\/\/progrespagnol.com\/fr\/blog\/author\/63fe7be783\/"}]}},"uagb_featured_image_src":{"full":["https:\/\/progrespagnol.com\/fr\/wp-content\/uploads\/sites\/2\/Usos-de-Subjuntivo-en-Espa\u00f1ol-copia.jpg",700,393,false],"thumbnail":["https:\/\/progrespagnol.com\/fr\/wp-content\/uploads\/sites\/2\/Usos-de-Subjuntivo-en-Espa\u00f1ol-copia.jpg",128,72,false],"medium":["https:\/\/progrespagnol.com\/fr\/wp-content\/uploads\/sites\/2\/Usos-de-Subjuntivo-en-Espa\u00f1ol-copia.jpg",700,393,false],"medium_large":["https:\/\/progrespagnol.com\/fr\/wp-content\/uploads\/sites\/2\/Usos-de-Subjuntivo-en-Espa\u00f1ol-copia.jpg",700,393,false],"large":["https:\/\/progrespagnol.com\/fr\/wp-content\/uploads\/sites\/2\/Usos-de-Subjuntivo-en-Espa\u00f1ol-copia.jpg",700,393,false],"1536x1536":["https:\/\/progrespagnol.com\/fr\/wp-content\/uploads\/sites\/2\/Usos-de-Subjuntivo-en-Espa\u00f1ol-copia.jpg",700,393,false],"2048x2048":["https:\/\/progrespagnol.com\/fr\/wp-content\/uploads\/sites\/2\/Usos-de-Subjuntivo-en-Espa\u00f1ol-copia.jpg",700,393,false]},"uagb_author_info":{"display_name":"JC","author_link":"https:\/\/progrespagnol.com\/fr\/blog\/author\/63fe7be783\/"},"uagb_comment_info":6,"uagb_excerpt":"\u00bfSe usa mucho el subjuntivo en espa\u00f1ol? Seguramente te haces esta pregunta&#8230;y seguramente quieres conocer cuantos usos del subjuntivo en espa\u00f1ol existen. ? Para tu primera duda, tengo que decir que s\u00ed, en espa\u00f1ol usamos el subjuntivo con bastante frecuencia. ? Para la segunda, tengo que decir que hay bastantes usos, ? pero \u00a1no te\u2026","_links":{"self":[{"href":"https:\/\/progrespagnol.com\/fr\/wp-json\/wp\/v2\/posts\/784","targetHints":{"allow":["GET"]}}],"collection":[{"href":"https:\/\/progrespagnol.com\/fr\/wp-json\/wp\/v2\/posts"}],"about":[{"href":"https:\/\/progrespagnol.com\/fr\/wp-json\/wp\/v2\/types\/post"}],"author":[{"embeddable":true,"href":"https:\/\/progrespagnol.com\/fr\/wp-json\/wp\/v2\/users\/1"}],"replies":[{"embeddable":true,"href":"https:\/\/progrespagnol.com\/fr\/wp-json\/wp\/v2\/comments?post=784"}],"version-history":[{"count":0,"href":"https:\/\/progrespagnol.com\/fr\/wp-json\/wp\/v2\/posts\/784\/revisions"}],"wp:featuredmedia":[{"embeddable":true,"href":"https:\/\/progrespagnol.com\/fr\/wp-json\/wp\/v2\/media\/785"}],"wp:attachment":[{"href":"https:\/\/progrespagnol.com\/fr\/wp-json\/wp\/v2\/media?parent=784"}],"wp:term":[{"taxonomy":"category","embeddable":true,"href":"https:\/\/progrespagnol.com\/fr\/wp-json\/wp\/v2\/categories?post=784"},{"taxonomy":"post_tag","embeddable":true,"href":"https:\/\/progrespagnol.com\/fr\/wp-json\/wp\/v2\/tags?post=784"}],"curies":[{"name":"wp","href":"https:\/\/api.w.org\/{rel}","templated":true}]}}